{"id":107765,"date":"2023-12-05T14:29:03","date_gmt":"2023-12-05T17:29:03","guid":{"rendered":"https:\/\/corrientesdetarde.com\/?p=107765"},"modified":"2023-12-05T14:29:15","modified_gmt":"2023-12-05T17:29:15","slug":"el-ministro-de-justicia-de-milei-descarto-una-eventual-ampliacion-de-la-corte-suprema","status":"publish","type":"post","link":"https:\/\/corrientesdetarde.com\/index.php\/nacionales\/el-ministro-de-justicia-de-milei-descarto-una-eventual-ampliacion-de-la-corte-suprema\/","title":{"rendered":"El ministro de Justicia de Milei descart\u00f3 una eventual ampliaci\u00f3n de la Corte Suprema"},"content":{"rendered":"\n<p>Mariano C\u00faneo Libarona destac\u00f3 que en el pr\u00f3ximo gobierno tendr\u00e1n una relaci\u00f3n \u201ccordial y respetuosa\u201d con los integrantes del m\u00e1ximo tribunal.<\/p>\n\n\n\n<p>El futuro ministro de Justicia,\u00a0Mariano Cuneo Libarona,\u00a0descart\u00f3 que vayan a impulsar una ampliaci\u00f3n de la Corte Suprema, integrada por el presidente,\u00a0<strong>Horacio Rosatti,\u00a0<\/strong>el vice,\u00a0<strong>Carlos Rosenkrantz,<\/strong>\u00a0<strong>Ricardo Lorenzetti<\/strong>\u00a0y\u00a0<strong>Juan Carlos Maqueda.<\/strong>\u00a0En el m\u00e1ximo tribunal hay una silla vacante, por la partida de\u00a0<strong>Elena Highton de Nolasco<\/strong>\u00a0en noviembre de 2021, que nunca fue cubierta.<\/p>\n\n\n\n<p>C\u00faneo Libarona es el elegido por el presidente electo,\u00a0<strong>Javier Milei,<\/strong>\u00a0para el \u00e1rea de Justicia, y a fines del mes pasado\u00a0se reuni\u00f3 con los jueces del m\u00e1ximo tribunal, luego de que el libertario anticipara en\u00a0<em>A dos voces<\/em><strong>:<\/strong> \u201cMi Gobierno<strong>\u00a0no va a continuar<\/strong>\u00a0con el juicio a la Corte Suprema, estamos en contra de la persecuci\u00f3n a la Corte, con lo cual nosotros\u00a0<strong>no vamos a perseguirla\u201d.<\/strong><\/p>\n\n\n\n<p>El designado ministro de Justicia, sucesor del kirchnerista,\u00a0Mart\u00edn Soria\u00a0dijo en breves declaraciones a la prensa que quieren tener una relaci\u00f3n\u00a0<strong>\u201ccordial, respetuosa,\u00a0<\/strong>de independencia y divisi\u00f3n de poderes\u201d con los integrantes del m\u00e1ximo tribunal, a diferencia de la administraci\u00f3n actual, de fuertes\u00a0<strong>tensiones y enfrentamientos<\/strong>\u00a0con la Corte.<\/p>\n\n\n\n<h2 class=\"wp-block-heading\">El elegido de Javier Milei para el ministerio de Justicia, sobre el juicio pol\u00edtico a la Corte: \u201cNo tiene sustento\u201d<\/h2>\n\n\n\n<figure class=\"wp-block-image\"><img decoding=\"async\" src=\"https:\/\/tn.com.ar\/resizer\/VHbKmwXUkYZb6Z2oZeuNIrxFqYc=\/767x0\/smart\/filters:format(webp)\/thumbs.vodgc.net\/1-398-9028d9d219cb4b17b63ff80756b768da-uGOgnL1700780023087.jpg%3F622708\" alt=\"Video Placeholder\"\/><\/figure>\n\n\n\n<p>El elegido de Javier Milei para el ministerio de Justicia, sobre el juicio pol\u00edtico a la Corte: &#8220;No tiene sustento&#8221; <\/p>\n\n\n\n<p>C\u00faneo Libarona dijo tras la reuni\u00f3n con la Corte, en declaraciones a<strong>,\u00a0<\/strong>que\u00a0el juicio pol\u00edtico a la Corte iniciado por el Kirchnerismo\u00a0\u201cno tiene andamiaje ni f\u00e1ctico ni pol\u00edtico\u201d: \u201c<strong>Perturba la honorabilidad de los jueces<\/strong>, no tiene sustento alguno.\u00a0<strong>Es para da\u00f1ar, es infame\u201d.<\/strong><\/p>\n\n\n\n<p>El futuro ministro de Justicia a su vez destac\u00f3 que la reuni\u00f3n que mantuvo con los titulares del m\u00e1ximo tribunal fue un \u201cencuentro muy cordial y respetuoso\u201d: \u201cHay que buscar una Argentina mejor. Yo&nbsp;<strong>estoy dispuesto a ser un servidor comunitario<\/strong>&nbsp;y hacer mi mejor esfuerzo para que tengamos&nbsp;<strong>la mejor Justicia posible\u201d.<\/strong><\/p>\n\n\n\n<p>C\u00faneo Libarona habl\u00f3 adem\u00e1s sobre los planes del presidente electo con respecto a la Justicia: \u201cMilei propaga la independencia judicial en el marco de respeto y tener lo mejor para la sociedad\u201d. De esta manera, consider\u00f3 quela Justicia debe ser<strong>&nbsp;\u201cindependiente&nbsp;<\/strong>y<strong>&nbsp;libre de decisi\u00f3n\u201d.<\/strong><\/p>\n\n\n\n<p>El abogado dijo tambi\u00e9n cu\u00e1les fueron los pedidos que le hizo el presidente electo: \u201cMe dijo que&nbsp;<strong>no designe ni por amiguismo,&nbsp;<\/strong>ni por pol\u00edtica, ni por lo que me van a pedir. \u00c9l apunta a la idoneidad y eso me pareci\u00f3 una respuesta incre\u00edble. Vamos a apuntar a eso\u201d, y agreg\u00f3: \u201cLa ley regula la vida en sociedad y eso es lo que tenemos que entender en el pa\u00eds\u201d.<\/p>\n","protected":false},"excerpt":{"rendered":"<p>Mariano C\u00faneo Libarona destac\u00f3 que en el pr\u00f3ximo gobierno tendr\u00e1n una relaci\u00f3n \u201ccordial y respetuosa\u201d con los integrantes del m\u00e1ximo tribunal. El futuro ministro de Justicia,\u00a0Mariano Cuneo Libarona,\u00a0descart\u00f3 que vayan&hellip; <\/p>\n","protected":false},"author":8,"featured_media":107766,"comment_status":"closed","ping_status":"open","sticky":false,"template":"","format":"standard","meta":{"footnotes":""},"categories":[10],"tags":[],"class_list":["post-107765","post","type-post","status-publish","format-standard","has-post-thumbnail","hentry","category-nacionales"],"_links":{"self":[{"href":"https:\/\/corrientesdetarde.com\/index.php\/wp-json\/wp\/v2\/posts\/107765","targetHints":{"allow":["GET"]}}],"collection":[{"href":"https:\/\/corrientesdetarde.com\/index.php\/wp-json\/wp\/v2\/posts"}],"about":[{"href":"https:\/\/corrientesdetarde.com\/index.php\/wp-json\/wp\/v2\/types\/post"}],"author":[{"embeddable":true,"href":"https:\/\/corrientesdetarde.com\/index.php\/wp-json\/wp\/v2\/users\/8"}],"replies":[{"embeddable":true,"href":"https:\/\/corrientesdetarde.com\/index.php\/wp-json\/wp\/v2\/comments?post=107765"}],"version-history":[{"count":1,"href":"https:\/\/corrientesdetarde.com\/index.php\/wp-json\/wp\/v2\/posts\/107765\/revisions"}],"predecessor-version":[{"id":107767,"href":"https:\/\/corrientesdetarde.com\/index.php\/wp-json\/wp\/v2\/posts\/107765\/revisions\/107767"}],"wp:featuredmedia":[{"embeddable":true,"href":"https:\/\/corrientesdetarde.com\/index.php\/wp-json\/wp\/v2\/media\/107766"}],"wp:attachment":[{"href":"https:\/\/corrientesdetarde.com\/index.php\/wp-json\/wp\/v2\/media?parent=107765"}],"wp:term":[{"taxonomy":"category","embeddable":true,"href":"https:\/\/corrientesdetarde.com\/index.php\/wp-json\/wp\/v2\/categories?post=107765"},{"taxonomy":"post_tag","embeddable":true,"href":"https:\/\/corrientesdetarde.com\/index.php\/wp-json\/wp\/v2\/tags?post=107765"}],"curies":[{"name":"wp","href":"https:\/\/api.w.org\/{rel}","templated":true}]}}