{"id":107851,"date":"2023-12-05T21:10:33","date_gmt":"2023-12-06T00:10:33","guid":{"rendered":"https:\/\/corrientesdetarde.com\/?p=107851"},"modified":"2023-12-05T21:10:45","modified_gmt":"2023-12-06T00:10:45","slug":"la-camara-de-comercio-y-la-union-industrial-piden-por-el-acuerdo-ue-mercosur","status":"publish","type":"post","link":"https:\/\/corrientesdetarde.com\/index.php\/economia\/la-camara-de-comercio-y-la-union-industrial-piden-por-el-acuerdo-ue-mercosur\/","title":{"rendered":"La C\u00e1mara de Comercio y la Uni\u00f3n Industrial piden por el acuerdo UE-Mercosur"},"content":{"rendered":"\n<p>Tanto industriales como mercantiles valoraron el potencial para promover el comercio externo y atraer posibles inversiones.<\/p>\n\n\n\n<p>La\u00a0<strong>C\u00e1mara Argentina de Comercio y Servicios\u00a0<\/strong>(CAC) y la\u00a0<strong>Uni\u00f3n Industrial Argentina<\/strong>\u00a0<strong>(UIA)<\/strong>\u00a0solicitaron el avance con el acuerdo Mercosur &#8211; Uni\u00f3n Europea. Los organismos pidieron que\u00a0se\u00a0 firme el Tratado de Libre Comercio\u00a0 por su potencial para promover el intercambio comercial externo y atraer flujos de inversi\u00f3n para el desarrollo econ\u00f3mico y social del pa\u00eds.\u00a0<\/p>\n\n\n\n<p>&#8220;Si bien la CAC entiende que el tratado en cuesti\u00f3n puede tener puntos que no satisfacen plenamente las pretensiones de nuestro pa\u00eds, considera que&nbsp;<strong>sus aspectos positivos son significativamente mayores a sus posibles falencias,<\/strong>&nbsp;por lo que su firma redundar\u00eda en un beneficio claro para la econom\u00eda nacional&#8221;,&nbsp; sostuvo la CAC en un comunicado.<\/p>\n\n\n\n<p>En el mismo documento&nbsp; exhorta al Gobierno Nacional saliente a&nbsp;<strong>&#8220;tener en cuenta la postura de las autoridades entrantes<\/strong>, que se han manifestado a favor de que el pa\u00eds suscriba el mencionado entendimiento&#8221;.<\/p>\n\n\n\n<p>En tanto,&nbsp;<strong>la UIA se remont\u00f3 a la participaci\u00f3n de la semana pasada en&nbsp;el XI Foro Empresarial del MERCOSUR<\/strong>&nbsp;donde&nbsp;emitieron una declaraci\u00f3n conjunta con cinco prioridades donde se destac\u00f3 la necesidad de avanzar con el acuerdo de asociaci\u00f3n MERCOSUR-Uni\u00f3n Europea, la facilitaci\u00f3n del comercio del MERCOSUR, las agendas comercial y de sostenibilidad, la convergencia regulatoria y la institucionalizaci\u00f3n del di\u00e1logo formal con el sector productivo.<\/p>\n\n\n\n<p>El documento llama a \u201c<strong>fortalecer r\u00e1pidamente el MERCOSUR frente a las nuevas realidades de la econom\u00eda global<\/strong>, que han transformado los modelos productivos y las relaciones comerciales, es crucial para nuestra asociaci\u00f3n estrat\u00e9gica.<\/p>\n\n\n\n<p>Para alcanzar las metas propuestos, el Consejo Industrial del MERCOSUR postul\u00f3 cinco prioridades: Implementar el acuerdo sobre facilitaci\u00f3n del comercio del MERCOSUR,&nbsp;<strong>Concluir el acuerdo de asociaci\u00f3n MERCOSUR-Uni\u00f3n Europea,<\/strong>&nbsp;Impulsar la agenda comercial y de sostenibilidad del MERCOSUR,&nbsp;Avanzar en materia de convergencia regulatoria y&nbsp;Institucionalizar un mecanismo de di\u00e1logo formal con el sector productivo.<\/p>\n","protected":false},"excerpt":{"rendered":"<p>Tanto industriales como mercantiles valoraron el potencial para promover el comercio externo y atraer posibles inversiones. La\u00a0C\u00e1mara Argentina de Comercio y Servicios\u00a0(CAC) y la\u00a0Uni\u00f3n Industrial Argentina\u00a0(UIA)\u00a0solicitaron el avance con el&hellip; <\/p>\n","protected":false},"author":4,"featured_media":107883,"comment_status":"closed","ping_status":"open","sticky":false,"template":"","format":"standard","meta":{"footnotes":""},"categories":[20],"tags":[],"class_list":["post-107851","post","type-post","status-publish","format-standard","has-post-thumbnail","hentry","category-economia"],"_links":{"self":[{"href":"https:\/\/corrientesdetarde.com\/index.php\/wp-json\/wp\/v2\/posts\/107851","targetHints":{"allow":["GET"]}}],"collection":[{"href":"https:\/\/corrientesdetarde.com\/index.php\/wp-json\/wp\/v2\/posts"}],"about":[{"href":"https:\/\/corrientesdetarde.com\/index.php\/wp-json\/wp\/v2\/types\/post"}],"author":[{"embeddable":true,"href":"https:\/\/corrientesdetarde.com\/index.php\/wp-json\/wp\/v2\/users\/4"}],"replies":[{"embeddable":true,"href":"https:\/\/corrientesdetarde.com\/index.php\/wp-json\/wp\/v2\/comments?post=107851"}],"version-history":[{"count":1,"href":"https:\/\/corrientesdetarde.com\/index.php\/wp-json\/wp\/v2\/posts\/107851\/revisions"}],"predecessor-version":[{"id":107884,"href":"https:\/\/corrientesdetarde.com\/index.php\/wp-json\/wp\/v2\/posts\/107851\/revisions\/107884"}],"wp:featuredmedia":[{"embeddable":true,"href":"https:\/\/corrientesdetarde.com\/index.php\/wp-json\/wp\/v2\/media\/107883"}],"wp:attachment":[{"href":"https:\/\/corrientesdetarde.com\/index.php\/wp-json\/wp\/v2\/media?parent=107851"}],"wp:term":[{"taxonomy":"category","embeddable":true,"href":"https:\/\/corrientesdetarde.com\/index.php\/wp-json\/wp\/v2\/categories?post=107851"},{"taxonomy":"post_tag","embeddable":true,"href":"https:\/\/corrientesdetarde.com\/index.php\/wp-json\/wp\/v2\/tags?post=107851"}],"curies":[{"name":"wp","href":"https:\/\/api.w.org\/{rel}","templated":true}]}}