{"id":107862,"date":"2023-12-05T20:44:49","date_gmt":"2023-12-05T23:44:49","guid":{"rendered":"https:\/\/corrientesdetarde.com\/?p=107862"},"modified":"2023-12-05T20:45:00","modified_gmt":"2023-12-05T23:45:00","slug":"guyana-en-alerta-y-la-venezuela-de-maduro-a-la-carga-por-el-esequibo","status":"publish","type":"post","link":"https:\/\/corrientesdetarde.com\/index.php\/internacionales\/guyana-en-alerta-y-la-venezuela-de-maduro-a-la-carga-por-el-esequibo\/","title":{"rendered":"Guyana en alerta y la Venezuela de Maduro a la carga por el Esequibo"},"content":{"rendered":"\n<p>Las tensiones bilaterales sobre la regi\u00f3n del Esequibo,\u00a0potencialmente rica en petr\u00f3leo, aumentaron en las \u00faltimas semanas.<\/p>\n\n\n\n<p><strong>Guyana<\/strong>&nbsp;permanecer\u00e1 alerta&nbsp;despu\u00e9s de que un referendo venezolano rechazara la jurisdicci\u00f3n&nbsp;de un tribunal internacional sobre una disputa territorial entre&nbsp;los pa\u00edses vecinos, adelant\u00f3 el vicepresidente Bharrat Jagdeo.&nbsp;<\/p>\n\n\n\n<p>Las tensiones bilaterales sobre la regi\u00f3n del&nbsp;<strong>Esequibo<\/strong>,&nbsp;potencialmente rica en petr\u00f3leo, aumentaron en las \u00faltimas semanas&nbsp;antes del refer\u00e9ndum de cinco preguntas, que Guyana pidi\u00f3 sin&nbsp;\u00e9xito a la Corte Internacional de Justicia (CIJ) que prohibiera.<\/p>\n\n\n\n<p><strong>El Departamento de Estado de los Estados Unidos apoy\u00f3 una&nbsp;resoluci\u00f3n pac\u00edfica de la disputa<\/strong>&nbsp;y advirti\u00f3 que la cuesti\u00f3n no&nbsp;podr\u00eda resolverse mediante un refer\u00e9ndum.<\/p>\n\n\n\n<p>Los venezolanos respaldaron el domingo el rechazo de la&nbsp;jurisdicci\u00f3n de la CIJ sobre la disputa y la creaci\u00f3n de un nuevo&nbsp;estado en&nbsp;<strong>Esequibo.<\/strong><\/p>\n\n\n\n<p>Los analistas advirtieron dicho que la votaci\u00f3n fue un intento del presidente&nbsp;<strong>Nicol\u00e1s Maduro<\/strong>&nbsp;de medir el apoyo de su gobierno&nbsp;antes de las elecciones presidenciales de 2024.<\/p>\n\n\n\n<p>La CIJ prohibi\u00f3 prohibido a&nbsp;<strong>Venezuela<\/strong>&nbsp;tomar cualquier medida&nbsp;que pueda cambiar el status quo en la regi\u00f3n, aunque podr\u00edan&nbsp;tardar a\u00f1os en&nbsp; llegar a un fallo judicial sobre la disputa&nbsp;general.<\/p>\n\n\n\n<p><strong>Maduro<\/strong>&nbsp;asegur\u00f3 a los pa\u00edses caribe\u00f1os que no invadir\u00e1 la&nbsp;regi\u00f3n, aclar\u00f3 Jagdeo, quien avis\u00f3 que Guyana no bajar\u00e1 la&nbsp;guardia.<\/p>\n\n\n\n<p>&#8220;Los dirigentes de&nbsp;<strong>Guyana<\/strong>&nbsp;no pueden simplemente recibir&nbsp;garant\u00edas del gobierno de Maduro de que no invadir\u00e1n el pa\u00eds&#8221;,&nbsp; \u00b4declar\u00f3 Jagdeo a los medios locales en una entrevista desde&nbsp;Dubai, donde asiste a la cumbre clim\u00e1tica de la Conferencia de las&nbsp;Partes (COP28).<\/p>\n\n\n\n<p>Y ampli\u00f3:&nbsp;<strong>&#8220;Tenemos que estar preparados para cualquier&nbsp;eventualidad. Tenemos que estar muy atentos en este pr\u00f3ximo&nbsp;per\u00edodo porque el liderazgo venezolano ha demostrado ser muy&nbsp;impredecible&#8221;.<\/strong><\/p>\n\n\n\n<p><strong>Venezuela<\/strong>&nbsp;reactiv\u00f3 su reclamo sobre el territorio de 160.000&nbsp;kil\u00f3metros cuadrados (61.776 millas cuadradas) alrededor del r\u00edo&nbsp;Esequibo en los \u00faltimos a\u00f1os, luego del descubrimiento de petr\u00f3leo&nbsp;y gas en alta mar.<\/p>\n\n\n\n<p><strong>La frontera mar\u00edtima entre los dos pa\u00edses tambi\u00e9n est\u00e1 en&nbsp;disputa<\/strong>, seg\u00fan un informe de la agencia de noticias Reuters.<\/p>\n\n\n\n<p>La autoridad electoral de&nbsp;<strong>Venezuela<\/strong>&nbsp;inform\u00f3 que todas las&nbsp;preguntas fueron aprobadas con m\u00e1s del 95% de aprobaci\u00f3n y que se<br>emitieron al menos 10,5 millones de votos por el &#8220;s\u00ed&#8221;.<\/p>\n\n\n\n<p>&#8220;El mandato popular es sagrado&#8221;, proclam\u00f3&nbsp;<strong>Maduro<\/strong>, seg\u00fan el&nbsp;sitio dw.com en un evento.<\/p>\n\n\n\n<p>&#8220;Ha comenzado una nueva era en la lucha por nuestra&nbsp;<strong>Guayana&nbsp;Esequiba<\/strong>&#8220;, agreg\u00f3, utilizando el nombre propuesto para el nuevo<br>Estado venezolano.<\/p>\n\n\n\n<p><strong>Caracas argumenta que el r\u00edo Esequibo es la frontera natural con Guyana, por lo que el territorio en disputa formar\u00eda parte de<\/strong><br><strong>Venezuela, como en 1777, cuando era colonia de Espa\u00f1a.<\/strong><\/p>\n\n\n\n<p>Adem\u00e1s apela al acuerdo de Ginebra, firmado en 1966,&nbsp;<strong>antes de&nbsp;la independencia de Guyana de Reino Unido<\/strong>, que sentaba las bases&nbsp;para una soluci\u00f3n negociada y anulaba un laudo de 1899 que defini\u00f3&nbsp;los l\u00edmites actuales.<\/p>\n\n\n\n<p><strong>Guyana<\/strong>&nbsp;defiende ese laudo y pide que sea ratificado por la&nbsp;Corte Internacional de Justicia (CIJ), m\u00e1ximo tribunal de la ONU,&nbsp;cuya jurisdicci\u00f3n desconoce Caracas.<\/p>\n","protected":false},"excerpt":{"rendered":"<p>Las tensiones bilaterales sobre la regi\u00f3n del Esequibo,\u00a0potencialmente rica en petr\u00f3leo, aumentaron en las \u00faltimas semanas. Guyana&nbsp;permanecer\u00e1 alerta&nbsp;despu\u00e9s de que un referendo venezolano rechazara la jurisdicci\u00f3n&nbsp;de un tribunal internacional sobre&hellip; <\/p>\n","protected":false},"author":4,"featured_media":107863,"comment_status":"closed","ping_status":"open","sticky":false,"template":"","format":"standard","meta":{"footnotes":""},"categories":[11],"tags":[],"class_list":["post-107862","post","type-post","status-publish","format-standard","has-post-thumbnail","hentry","category-internacionales"],"_links":{"self":[{"href":"https:\/\/corrientesdetarde.com\/index.php\/wp-json\/wp\/v2\/posts\/107862","targetHints":{"allow":["GET"]}}],"collection":[{"href":"https:\/\/corrientesdetarde.com\/index.php\/wp-json\/wp\/v2\/posts"}],"about":[{"href":"https:\/\/corrientesdetarde.com\/index.php\/wp-json\/wp\/v2\/types\/post"}],"author":[{"embeddable":true,"href":"https:\/\/corrientesdetarde.com\/index.php\/wp-json\/wp\/v2\/users\/4"}],"replies":[{"embeddable":true,"href":"https:\/\/corrientesdetarde.com\/index.php\/wp-json\/wp\/v2\/comments?post=107862"}],"version-history":[{"count":1,"href":"https:\/\/corrientesdetarde.com\/index.php\/wp-json\/wp\/v2\/posts\/107862\/revisions"}],"predecessor-version":[{"id":107864,"href":"https:\/\/corrientesdetarde.com\/index.php\/wp-json\/wp\/v2\/posts\/107862\/revisions\/107864"}],"wp:featuredmedia":[{"embeddable":true,"href":"https:\/\/corrientesdetarde.com\/index.php\/wp-json\/wp\/v2\/media\/107863"}],"wp:attachment":[{"href":"https:\/\/corrientesdetarde.com\/index.php\/wp-json\/wp\/v2\/media?parent=107862"}],"wp:term":[{"taxonomy":"category","embeddable":true,"href":"https:\/\/corrientesdetarde.com\/index.php\/wp-json\/wp\/v2\/categories?post=107862"},{"taxonomy":"post_tag","embeddable":true,"href":"https:\/\/corrientesdetarde.com\/index.php\/wp-json\/wp\/v2\/tags?post=107862"}],"curies":[{"name":"wp","href":"https:\/\/api.w.org\/{rel}","templated":true}]}}