{"id":107873,"date":"2023-12-05T20:58:12","date_gmt":"2023-12-05T23:58:12","guid":{"rendered":"https:\/\/corrientesdetarde.com\/?p=107873"},"modified":"2023-12-05T20:58:15","modified_gmt":"2023-12-05T23:58:15","slug":"gustavo-alfaro-sobre-racing-si-se-presentaba-lo-iba-a-escuchar","status":"publish","type":"post","link":"https:\/\/corrientesdetarde.com\/index.php\/deportes\/gustavo-alfaro-sobre-racing-si-se-presentaba-lo-iba-a-escuchar\/","title":{"rendered":"Gustavo Alfaro sobre Racing: &#8220;Si se presentaba lo iba a escuchar&#8221;"},"content":{"rendered":"\n<p>El ex DT de Boca fue uno de los primeros en resonar en el club para asumir la direcci\u00f3n t\u00e9cnica del plantel tras la partida de Fernando Gago.<\/p>\n\n\n\n<p><strong>El director t\u00e9cnico\u00a0Gustavo Alfaro\u00a0reconoci\u00f3 que no recibi\u00f3 un llamado formal ni de la dirigencia de Racing Club ni de su m\u00e1nager deportivo, Rub\u00e9n Capria, con una propuesta para ser el nuevo entrenador de la instituci\u00f3n pero revel\u00f3 que &#8220;si se presentaba la oportunidad, los iba a escuchar&#8221;.<\/strong><\/p>\n\n\n\n<p><strong>&#8220;Hace ocho a\u00f1os me reun\u00ed con V\u00edctor Blanco, el presidente de Racing, y eligieron a Facundo Sava en mi lugar. Ahora el llamado no fue claro. Lo estuve esperando, claro&#8221;<\/strong>, asegur\u00f3 el exentrenador de Ecuador en el Mundial Qatar 2022 pero expres\u00f3: &#8220;Igual, no s\u00e9 si le hubiera dicho que s\u00ed&#8221;.<\/p>\n\n\n\n<p>La \u00faltima experiencia de Alfaro en el f\u00fatbol fue cuando dirigi\u00f3 a Boca entre los a\u00f1os 2018 y 2020. El DT estuvo presente en 50 encuentros entre Primera Divisi\u00f3n, Copa Libertadores y Copa Argentina y cosech\u00f3 un 65 por ciento de efectividad con 27 triunfos, 16 empates y apenas siete derrotas, pero ser eliminado por River en la copa lo dej\u00f3 sin chances de seguir.<\/p>\n\n\n\n<h2 class=\"wp-block-heading\">Alfaro habl\u00f3 de la Selecci\u00f3n<\/h2>\n\n\n\n<p>Con su experiencia a cuestas, el entrenador analiz\u00f3 el presente de la Selecci\u00f3n Argentina y afirm\u00f3: &#8220;Est\u00e1 en un proceso fant\u00e1stico que comenz\u00f3 a construirse justamente en una Copa Am\u00e9rica. Creo que ganarle a Brasil en la final fue el punto de inflexi\u00f3n y empez\u00f3 a darle forma a muchas cosas que se ven\u00edan gestando mucho tiempo antes y que se terminaron de dar con la conquista de la Copa del Mundo&#8221;.<\/p>\n\n\n\n<p>Posteriormente, destac\u00f3: &#8220;Es un equipo que no solo busca el objetivo de ganar, sino que no se cansa de ganar y est\u00e1 permanentemente en esa construcci\u00f3n. Es el desaf\u00edo para estos jugadores. Argentina busc\u00f3 esto durante mucho tiempo y lo consigui\u00f3 con Lionel Scaloni y estos jugadores&#8221;.<\/p>\n","protected":false},"excerpt":{"rendered":"<p>El ex DT de Boca fue uno de los primeros en resonar en el club para asumir la direcci\u00f3n t\u00e9cnica del plantel tras la partida de Fernando Gago. El director&hellip; <\/p>\n","protected":false},"author":4,"featured_media":107874,"comment_status":"closed","ping_status":"open","sticky":false,"template":"","format":"standard","meta":{"footnotes":""},"categories":[4],"tags":[],"class_list":["post-107873","post","type-post","status-publish","format-standard","has-post-thumbnail","hentry","category-deportes"],"_links":{"self":[{"href":"https:\/\/corrientesdetarde.com\/index.php\/wp-json\/wp\/v2\/posts\/107873","targetHints":{"allow":["GET"]}}],"collection":[{"href":"https:\/\/corrientesdetarde.com\/index.php\/wp-json\/wp\/v2\/posts"}],"about":[{"href":"https:\/\/corrientesdetarde.com\/index.php\/wp-json\/wp\/v2\/types\/post"}],"author":[{"embeddable":true,"href":"https:\/\/corrientesdetarde.com\/index.php\/wp-json\/wp\/v2\/users\/4"}],"replies":[{"embeddable":true,"href":"https:\/\/corrientesdetarde.com\/index.php\/wp-json\/wp\/v2\/comments?post=107873"}],"version-history":[{"count":1,"href":"https:\/\/corrientesdetarde.com\/index.php\/wp-json\/wp\/v2\/posts\/107873\/revisions"}],"predecessor-version":[{"id":107875,"href":"https:\/\/corrientesdetarde.com\/index.php\/wp-json\/wp\/v2\/posts\/107873\/revisions\/107875"}],"wp:featuredmedia":[{"embeddable":true,"href":"https:\/\/corrientesdetarde.com\/index.php\/wp-json\/wp\/v2\/media\/107874"}],"wp:attachment":[{"href":"https:\/\/corrientesdetarde.com\/index.php\/wp-json\/wp\/v2\/media?parent=107873"}],"wp:term":[{"taxonomy":"category","embeddable":true,"href":"https:\/\/corrientesdetarde.com\/index.php\/wp-json\/wp\/v2\/categories?post=107873"},{"taxonomy":"post_tag","embeddable":true,"href":"https:\/\/corrientesdetarde.com\/index.php\/wp-json\/wp\/v2\/tags?post=107873"}],"curies":[{"name":"wp","href":"https:\/\/api.w.org\/{rel}","templated":true}]}}