{"id":107890,"date":"2023-12-05T21:35:41","date_gmt":"2023-12-06T00:35:41","guid":{"rendered":"https:\/\/corrientesdetarde.com\/?p=107890"},"modified":"2023-12-05T21:35:54","modified_gmt":"2023-12-06T00:35:54","slug":"caputo-da-las-puntadas-finales-a-su-equipo-y-pone-a-un-hombre-de-extrema-confianza-en-el-banco-central","status":"publish","type":"post","link":"https:\/\/corrientesdetarde.com\/index.php\/economia\/caputo-da-las-puntadas-finales-a-su-equipo-y-pone-a-un-hombre-de-extrema-confianza-en-el-banco-central\/","title":{"rendered":"Caputo da las puntadas finales a su equipo y pone a un hombre de extrema confianza en el Banco Central"},"content":{"rendered":"\n<p>Los cargos claves para tratar de revertir la crisis econ\u00f3mica ya est\u00e1n definidos. El lunes pr\u00f3ximo saldr\u00e1n a la cancha.<\/p>\n\n\n\n<p>Confirmado como ministro de\u00a0Econom\u00eda,\u00a0<strong>Luis Caputo<\/strong>\u00a0define por estas horas qui\u00e9nes ser\u00e1n los\u00a0expertos que integrar\u00e1n el Gabinete econ\u00f3mico, el \u00e1rea que deber\u00e1\u00a0afrontar\u00a0el desaf\u00edo m\u00e1s grande de la gesti\u00f3n de Javier Milei,\u00a0que\u00a0es\u00a0<strong>bajar la inflaci\u00f3n, reducir la pobreza y retomar la senda del\u00a0crecimiento.<\/strong><\/p>\n\n\n\n<p>Caputo ya tendr\u00eda definido el nombre de quien asumir\u00e1 al frente&nbsp;del BCRA, y contar\u00eda en principio con el visto bueno de Milei,&nbsp;quien qued\u00f3 satisfecho con&nbsp;<strong>el plan presentado por Caputo para&nbsp;&#8220;limpiar el balance del Banco Central&#8221;.<\/strong><\/p>\n\n\n\n<p>Antes de dar el s\u00ed definitivo, el futuro ministro de Econom\u00eda&nbsp;tom\u00f3 una decisi\u00f3n estrat\u00e9gica: cerrar su consultora en&nbsp;finanzas Anker Latinoam\u00e9rica.<\/p>\n\n\n\n<p>La raz\u00f3n no fue la falta de clientes, sino el hecho de que&nbsp;Caputo se lleva al Ministerio a sus principales colaboradores en&nbsp;el sector privado.<\/p>\n\n\n\n<p>Si bien a\u00fan falta el \u00faltimo visto bueno de Milei, el presidente&nbsp;del Banco Central ser\u00e1 seguramente&nbsp;<strong>Santiago Bausili<\/strong>, quien ya fue&nbsp;secretario de Finanzas al principio del mandato de Macri en&nbsp;2015\/2016.<\/p>\n\n\n\n<p>Mientras ese cargo estrat\u00e9gico se define, Caputo le pidi\u00f3 a\u00a0<strong>Pablo Quirno<\/strong>, su exjefe de Gabinete en el anterior Ministerio de\u00a0Finanzas, que asuma como su\u00a0<strong>n\u00famero dos en Econom\u00eda,<\/strong>\u00a0en el cargo\u00a0que ahora ocupa Gabriel Rubinstein.<\/p>\n\n\n\n<p>Al frente de la AFIP, en tanto, ir\u00e1<strong>&nbsp;Florencia Misrahi,<\/strong>&nbsp;una&nbsp;experta Impuestos y Aduanas, socia de Lisicki Litvin.<\/p>\n\n\n\n<p>A esto se suma el economista&nbsp;<strong>Pablo Lavigne<\/strong>, quien ir\u00e1 a la&nbsp;Secretar\u00eda de Comercio, pero para cambiarle totalmente el perfil,&nbsp;ya que&nbsp;<strong>dejar\u00e1 de ocuparse de programas como Precios Cuidados.<\/strong><\/p>\n\n\n\n<p>Otra de las sorpresas podr\u00eda venir de la mano de la Secretar\u00eda&nbsp;de Hacienda, donde habr\u00eda un sondeo para que contin\u00fae<strong>&nbsp;Ra\u00fal Rigo,<\/strong>&nbsp;un experto en el tema, pero ser\u00eda improbable que se quede, porque&nbsp;hace 17 a\u00f1os que se viene desempe\u00f1ando en el cargo, en distintos&nbsp;gobiernos.<\/p>\n\n\n\n<p>Adem\u00e1s,&nbsp;<strong>Joaqu\u00edn Cottani<\/strong>&nbsp;ser\u00e1 asignado al cargo de secretario de&nbsp;Pol\u00edtica Econ\u00f3mica, seg\u00fan los \u00faltimos datos que trascendieron.<br><br><strong>Banco Naci\u00f3n<\/strong><br><br>En tanto, al frente del Banco Naci\u00f3n asumir\u00eda&nbsp;<strong>Daniel Tillard,<\/strong>&nbsp;un especialista en finanzas cercano al gobernador de C\u00f3rdoba,&nbsp;<strong>Juan&nbsp;Schiaretti.<\/strong><\/p>\n\n\n\n<p>Tillard viene de ser el presidente del Banco de la Provincia de&nbsp;C\u00f3rdoba. Como n\u00famero dos del Naci\u00f3n ir\u00e1&nbsp;<strong>Dar\u00edo Wasserman<\/strong>&nbsp;(desarrollador inmobiliario en el sector privado y ex presidente&nbsp;de Garantizar SGR), que viene de la mano de Caputo.<\/p>\n\n\n\n<p>Por su parte,&nbsp;<strong>Marcos Ayerra<\/strong>, ex presidente de la CNV durante la&nbsp;presidencia de Mauricio Macri, estar\u00e1 a cargo de la Secretar\u00eda&nbsp;Pyme.<\/p>\n\n\n\n<p>A su vez, una de las sorpresas ser\u00e1 la continuidad de&nbsp;<strong>Flavia&nbsp;Royon,<\/strong>&nbsp;aunque en lugar de ser secretaria de Energ\u00eda, probablemente sea&nbsp;<strong>secretaria de Miner\u00eda<\/strong>, tema en el cual es&nbsp;experta.<\/p>\n\n\n\n<p>A su vez, como secretario de Energ\u00eda ya fue confirmado&nbsp;<strong>Eduardo&nbsp;Rodr\u00edguez Chirillo.<\/strong><\/p>\n\n\n\n<p>Adem\u00e1s,&nbsp;<strong>Fernando Vilella<\/strong>&nbsp;ser\u00e1 el nuevo<strong>&nbsp;secretario de&nbsp;Bioeconom\u00eda<\/strong>&nbsp;(exAgricultura).&nbsp;Adem\u00e1s,&nbsp;<strong>Guillermo Ferraro<\/strong>&nbsp;ya fue anunciado como ministro de Infraestructura.<\/p>\n\n\n\n<p>Otros nombres que podr\u00edan tener un lugar en el gabinete&nbsp;econ\u00f3mico son los de&nbsp;<strong>Franco Mogetta<\/strong>&nbsp;(Transporte),&nbsp;<strong>Federico Ovejero<\/strong>&nbsp;(Industria) y&nbsp;<strong>Alejandro Cosentino<\/strong>&nbsp;(Econom\u00eda del Conocimiento o&nbsp;Innovaci\u00f3n).<\/p>\n\n\n\n<p>A la ANSES, como ya se anunci\u00f3 ir\u00e1 el experto en temas&nbsp;previsionales. el cordob\u00e9s&nbsp;<strong>Osvaldo Giordano<\/strong>.<\/p>\n","protected":false},"excerpt":{"rendered":"<p>Los cargos claves para tratar de revertir la crisis econ\u00f3mica ya est\u00e1n definidos. El lunes pr\u00f3ximo saldr\u00e1n a la cancha. Confirmado como ministro de\u00a0Econom\u00eda,\u00a0Luis Caputo\u00a0define por estas horas qui\u00e9nes ser\u00e1n&hellip; <\/p>\n","protected":false},"author":4,"featured_media":107894,"comment_status":"closed","ping_status":"open","sticky":false,"template":"","format":"standard","meta":{"footnotes":""},"categories":[20],"tags":[],"class_list":["post-107890","post","type-post","status-publish","format-standard","has-post-thumbnail","hentry","category-economia"],"_links":{"self":[{"href":"https:\/\/corrientesdetarde.com\/index.php\/wp-json\/wp\/v2\/posts\/107890","targetHints":{"allow":["GET"]}}],"collection":[{"href":"https:\/\/corrientesdetarde.com\/index.php\/wp-json\/wp\/v2\/posts"}],"about":[{"href":"https:\/\/corrientesdetarde.com\/index.php\/wp-json\/wp\/v2\/types\/post"}],"author":[{"embeddable":true,"href":"https:\/\/corrientesdetarde.com\/index.php\/wp-json\/wp\/v2\/users\/4"}],"replies":[{"embeddable":true,"href":"https:\/\/corrientesdetarde.com\/index.php\/wp-json\/wp\/v2\/comments?post=107890"}],"version-history":[{"count":1,"href":"https:\/\/corrientesdetarde.com\/index.php\/wp-json\/wp\/v2\/posts\/107890\/revisions"}],"predecessor-version":[{"id":107895,"href":"https:\/\/corrientesdetarde.com\/index.php\/wp-json\/wp\/v2\/posts\/107890\/revisions\/107895"}],"wp:featuredmedia":[{"embeddable":true,"href":"https:\/\/corrientesdetarde.com\/index.php\/wp-json\/wp\/v2\/media\/107894"}],"wp:attachment":[{"href":"https:\/\/corrientesdetarde.com\/index.php\/wp-json\/wp\/v2\/media?parent=107890"}],"wp:term":[{"taxonomy":"category","embeddable":true,"href":"https:\/\/corrientesdetarde.com\/index.php\/wp-json\/wp\/v2\/categories?post=107890"},{"taxonomy":"post_tag","embeddable":true,"href":"https:\/\/corrientesdetarde.com\/index.php\/wp-json\/wp\/v2\/tags?post=107890"}],"curies":[{"name":"wp","href":"https:\/\/api.w.org\/{rel}","templated":true}]}}