{"id":107896,"date":"2023-12-05T21:57:20","date_gmt":"2023-12-06T00:57:20","guid":{"rendered":"https:\/\/corrientesdetarde.com\/?p=107896"},"modified":"2023-12-05T21:57:32","modified_gmt":"2023-12-06T00:57:32","slug":"el-gobierno-de-bolivia-garantizo-la-estabilidad-macroeconomica-para-2024","status":"publish","type":"post","link":"https:\/\/corrientesdetarde.com\/index.php\/internacionales\/el-gobierno-de-bolivia-garantizo-la-estabilidad-macroeconomica-para-2024\/","title":{"rendered":"El gobierno de Bolivia garantiz\u00f3 la estabilidad macroecon\u00f3mica para 2024"},"content":{"rendered":"\n<p>Se espera la puesta en marcha de alrededor de 150\u00a0plantas industriales para diversificar la producci\u00f3n y generar\u00a0empleo, se anunci\u00f3 oficialmente.<\/p>\n\n\n\n<p><strong>El Gobierno de Bolivia asegur\u00f3&nbsp;este martes la estabilidad macroecon\u00f3mica para 2024, respaldada&nbsp;por un crecimiento del Producto Interno Bruto<\/strong>&nbsp;(PIB) proyectado del&nbsp;3,71 por ciento, una inflaci\u00f3n controlada del 3,6 por ciento y la&nbsp;continuidad del subsidio a los hidrocarburos y alimentos.<\/p>\n\n\n\n<p><strong>El viceministro de Presupuesto y Contabilidad Fiscal, Zen\u00f3n&nbsp;Mamani,<\/strong>&nbsp;declar\u00f3 a la prensa que el Presupuesto General del Estado&nbsp;(PGE) 2024, presentado ante la Asamblea Legislativa, enfoca en&nbsp;garantizar la estabilidad econ\u00f3mica y financiera del pa\u00eds.&nbsp;<\/p>\n\n\n\n<p>El viceministro enfatiz\u00f3 las proyecciones de instituciones&nbsp;internacionales como el&nbsp;<strong>Banco Mundial y la Comisi\u00f3n Econ\u00f3mica para&nbsp;Am\u00e9rica Latina y el Caribe<\/strong>&nbsp;(Cepal), que indican que Bolivia se&nbsp;posicionar\u00e1 como uno de los pa\u00edses con mayor crecimiento en la&nbsp;regi\u00f3n, ocupando el tercer lugar en Sudam\u00e9rica.<\/p>\n\n\n\n<p><strong>Mamani<\/strong>&nbsp;destac\u00f3 que el presupuesto para el a\u00f1o pr\u00f3ximo enfatiza&nbsp;el proceso de industrializaci\u00f3n con una fuerte inversi\u00f3n destinada&nbsp;al fortalecimiento del aparato productivo del pa\u00eds, asignando&nbsp;4.274 millones de d\u00f3lares, con el 56 por ciento dirigido a este&nbsp;prop\u00f3sito.<\/p>\n\n\n\n<p>Se espera la puesta en marcha de alrededor de&nbsp;<strong>150&nbsp;plantas industriales<\/strong>&nbsp;para diversificar la producci\u00f3n y generar&nbsp;empleo.<\/p>\n\n\n\n<p>Adem\u00e1s, indic\u00f3 que el<strong>&nbsp;PGE 2024<\/strong>&nbsp;garantiza el acceso universal a&nbsp;la salud y la educaci\u00f3n, asignando el 10,8 por ciento del&nbsp;presupuesto&nbsp; consolidado a la educaci\u00f3n y el 10,1 por ciento al&nbsp;sector salud como pilares fundamentales de los servicios del pa\u00eds.<\/p>\n\n\n\n<p>Se asegur\u00f3 la continuidad de pol\u00edticas sociales clave,&nbsp;incluyendo la redistribuci\u00f3n de ingresos a trav\u00e9s de programas&nbsp;como el<strong>&nbsp;Bono Juancito Pinto, el Bono Juana Azurduy, el Subsidio&nbsp;Universal, y la Renta Dignidad.<\/strong><\/p>\n\n\n\n<p>El proyecto de ley del&nbsp;<strong>PGE 2024<\/strong>&nbsp;fue presentado a la Asamblea&nbsp;Legislativa hace un mes para su an\u00e1lisis y aprobaci\u00f3n&nbsp;correspondiente.<\/p>\n\n\n\n<p>Seg\u00fan lo establecido en la&nbsp;<strong>Constituci\u00f3n Pol\u00edtica&nbsp;del Estado,<\/strong>&nbsp;en caso de no ser tratado en un lapso de 60 d\u00edas, se&nbsp;aprobar\u00e1 autom\u00e1ticamente como ley vigente.<\/p>\n\n\n\n<p>A decir de&nbsp;<strong>Mamani<\/strong>, esta iniciativa legislativa representa un&nbsp;compromiso por parte del Gobierno boliviano para mantener la&nbsp;estabilidad y el&nbsp; crecimiento econ\u00f3mico del pa\u00eds, junto con una&nbsp;firme apuesta por la industrializaci\u00f3n y el fortalecimiento de los&nbsp;servicios esenciales para la poblaci\u00f3n.<\/p>\n","protected":false},"excerpt":{"rendered":"<p>Se espera la puesta en marcha de alrededor de 150\u00a0plantas industriales para diversificar la producci\u00f3n y generar\u00a0empleo, se anunci\u00f3 oficialmente. El Gobierno de Bolivia asegur\u00f3&nbsp;este martes la estabilidad macroecon\u00f3mica para&hellip; <\/p>\n","protected":false},"author":4,"featured_media":107902,"comment_status":"closed","ping_status":"open","sticky":false,"template":"","format":"standard","meta":{"footnotes":""},"categories":[11],"tags":[],"class_list":["post-107896","post","type-post","status-publish","format-standard","has-post-thumbnail","hentry","category-internacionales"],"_links":{"self":[{"href":"https:\/\/corrientesdetarde.com\/index.php\/wp-json\/wp\/v2\/posts\/107896","targetHints":{"allow":["GET"]}}],"collection":[{"href":"https:\/\/corrientesdetarde.com\/index.php\/wp-json\/wp\/v2\/posts"}],"about":[{"href":"https:\/\/corrientesdetarde.com\/index.php\/wp-json\/wp\/v2\/types\/post"}],"author":[{"embeddable":true,"href":"https:\/\/corrientesdetarde.com\/index.php\/wp-json\/wp\/v2\/users\/4"}],"replies":[{"embeddable":true,"href":"https:\/\/corrientesdetarde.com\/index.php\/wp-json\/wp\/v2\/comments?post=107896"}],"version-history":[{"count":1,"href":"https:\/\/corrientesdetarde.com\/index.php\/wp-json\/wp\/v2\/posts\/107896\/revisions"}],"predecessor-version":[{"id":107904,"href":"https:\/\/corrientesdetarde.com\/index.php\/wp-json\/wp\/v2\/posts\/107896\/revisions\/107904"}],"wp:featuredmedia":[{"embeddable":true,"href":"https:\/\/corrientesdetarde.com\/index.php\/wp-json\/wp\/v2\/media\/107902"}],"wp:attachment":[{"href":"https:\/\/corrientesdetarde.com\/index.php\/wp-json\/wp\/v2\/media?parent=107896"}],"wp:term":[{"taxonomy":"category","embeddable":true,"href":"https:\/\/corrientesdetarde.com\/index.php\/wp-json\/wp\/v2\/categories?post=107896"},{"taxonomy":"post_tag","embeddable":true,"href":"https:\/\/corrientesdetarde.com\/index.php\/wp-json\/wp\/v2\/tags?post=107896"}],"curies":[{"name":"wp","href":"https:\/\/api.w.org\/{rel}","templated":true}]}}