{"id":107917,"date":"2023-12-05T22:50:39","date_gmt":"2023-12-06T01:50:39","guid":{"rendered":"https:\/\/corrientesdetarde.com\/?p=107917"},"modified":"2023-12-05T22:50:51","modified_gmt":"2023-12-06T01:50:51","slug":"villarruel-se-reunio-con-senadores-radicales-necesitamos-el-voto-de-todos","status":"publish","type":"post","link":"https:\/\/corrientesdetarde.com\/index.php\/politica\/villarruel-se-reunio-con-senadores-radicales-necesitamos-el-voto-de-todos\/","title":{"rendered":"Villarruel se reuni\u00f3 con senadores radicales: &#8220;Necesitamos el voto de todos&#8221;"},"content":{"rendered":"\n<p>La vicepresidenta electa se entrevist\u00f3 con los 13 senadores de la Uni\u00f3n C\u00edvica Radical.<\/p>\n\n\n\n<p>La vicepresidenta electa\u00a0<strong>Victoria Villarruel\u00a0se reuni\u00f3 con senadores nacionales de la UCR<\/strong>, quienes le confirmaron que votar\u00e1n a favor del presidente provisional del Senado que proponga La Libertad Avanza.<\/p>\n\n\n\n<p>La jefa del Senado desde el 10 de diciembre se entrevist\u00f3 con los 13 senadores de la UCR y hablaron de lo que busca implementar en esta nueva etapa, como&nbsp;<strong>&#8220;recuperar labor parlamentaria&#8221; e incrementar el n\u00famero de sesiones.<\/strong><\/p>\n\n\n\n<p>La vicepresidenta electa tambi\u00e9n pidi\u00f3 construir una relaci\u00f3n desde cero y dejar atr\u00e1s los roces de la campa\u00f1a electoral.<\/p>\n\n\n\n<p><strong>&#8220;Necesitamos el voto de todos los espacios para aprobar los proyectos de ley que va a enviar el Ejecutivo&#8221;<\/strong>, se\u00f1al\u00f3 Villarruel al finalizar el encuentro, al que calific\u00f3 como&nbsp;<strong>&#8220;muy amable y cordial&#8221;.<\/strong><\/p>\n\n\n\n<p>Adem\u00e1s, detall\u00f3 en declaraciones a la prensa que luego de la reuni\u00f3n con el bloque, se tom\u00f3 un caf\u00e9 con la senadora por Santa Fe<strong>&nbsp;Carolina Losada<\/strong>&nbsp;a solas.<\/p>\n","protected":false},"excerpt":{"rendered":"<p>La vicepresidenta electa se entrevist\u00f3 con los 13 senadores de la Uni\u00f3n C\u00edvica Radical. La vicepresidenta electa\u00a0Victoria Villarruel\u00a0se reuni\u00f3 con senadores nacionales de la UCR, quienes le confirmaron que votar\u00e1n&hellip; <\/p>\n","protected":false},"author":4,"featured_media":107918,"comment_status":"closed","ping_status":"open","sticky":false,"template":"","format":"standard","meta":{"footnotes":""},"categories":[3],"tags":[],"class_list":["post-107917","post","type-post","status-publish","format-standard","has-post-thumbnail","hentry","category-politica"],"_links":{"self":[{"href":"https:\/\/corrientesdetarde.com\/index.php\/wp-json\/wp\/v2\/posts\/107917","targetHints":{"allow":["GET"]}}],"collection":[{"href":"https:\/\/corrientesdetarde.com\/index.php\/wp-json\/wp\/v2\/posts"}],"about":[{"href":"https:\/\/corrientesdetarde.com\/index.php\/wp-json\/wp\/v2\/types\/post"}],"author":[{"embeddable":true,"href":"https:\/\/corrientesdetarde.com\/index.php\/wp-json\/wp\/v2\/users\/4"}],"replies":[{"embeddable":true,"href":"https:\/\/corrientesdetarde.com\/index.php\/wp-json\/wp\/v2\/comments?post=107917"}],"version-history":[{"count":1,"href":"https:\/\/corrientesdetarde.com\/index.php\/wp-json\/wp\/v2\/posts\/107917\/revisions"}],"predecessor-version":[{"id":107919,"href":"https:\/\/corrientesdetarde.com\/index.php\/wp-json\/wp\/v2\/posts\/107917\/revisions\/107919"}],"wp:featuredmedia":[{"embeddable":true,"href":"https:\/\/corrientesdetarde.com\/index.php\/wp-json\/wp\/v2\/media\/107918"}],"wp:attachment":[{"href":"https:\/\/corrientesdetarde.com\/index.php\/wp-json\/wp\/v2\/media?parent=107917"}],"wp:term":[{"taxonomy":"category","embeddable":true,"href":"https:\/\/corrientesdetarde.com\/index.php\/wp-json\/wp\/v2\/categories?post=107917"},{"taxonomy":"post_tag","embeddable":true,"href":"https:\/\/corrientesdetarde.com\/index.php\/wp-json\/wp\/v2\/tags?post=107917"}],"curies":[{"name":"wp","href":"https:\/\/api.w.org\/{rel}","templated":true}]}}