{"id":108337,"date":"2023-12-06T20:41:25","date_gmt":"2023-12-06T23:41:25","guid":{"rendered":"https:\/\/corrientesdetarde.com\/?p=108337"},"modified":"2023-12-06T20:41:30","modified_gmt":"2023-12-06T23:41:30","slug":"oficina-anticorrupcion-de-peru-afirmo-que-indulto-no-libera-a-fujimori-de-millonaria-reparacion","status":"publish","type":"post","link":"https:\/\/corrientesdetarde.com\/index.php\/internacionales\/oficina-anticorrupcion-de-peru-afirmo-que-indulto-no-libera-a-fujimori-de-millonaria-reparacion\/","title":{"rendered":"Oficina anticorrupci\u00f3n de Per\u00fa afirm\u00f3 que indulto no libera a Fujimori de millonaria reparaci\u00f3n"},"content":{"rendered":"\n<p>El ex presidente debe afrontar una reparaci\u00f3n civil por casos de corrupci\u00f3n.<\/p>\n\n\n\n<p>El<strong>\u00a0indulto<\/strong>\u00a0al ex presidente\u00a0peruano<strong>Alberto Fujimori\u00a0<\/strong>no lo libera de<strong>\u00a0pagar<\/strong>\u00a0<strong>unos 15 millones de d\u00f3lares<\/strong>\u00a0de deuda por\u00a0<strong>reparaci\u00f3n civil\u00a0<\/strong>por los\u00a0<strong>casos de corrupci\u00f3n<\/strong>, dijo este mi\u00e9rcoles la procuradur\u00eda\u00a0anticorrupci\u00f3n en un comunicado.<\/p>\n\n\n\n<p><strong>La procuradur\u00eda afirm\u00f3 que el monto no puede ser cobrado&nbsp;mediante la incautaci\u00f3n de su &#8220;pensi\u00f3n vitalicia&#8221; porque Fujimori&nbsp;desisti\u00f3 de cobrar su pensi\u00f3n en su condici\u00f3n de ex presidente y&nbsp;no cuenta con ning\u00fan bien o propiedad registrado a su nombre.<\/strong><\/p>\n\n\n\n<p>Por su parte,<strong>&nbsp;el Tribunal Constitucional de Per\u00fa hab\u00eda ordenado&nbsp;la liberaci\u00f3n de Fujimori,<\/strong>&nbsp;quien cumple una condena por abusos a&nbsp;los derechos humanos, d\u00edas despu\u00e9s de que un juez local rechaz\u00f3&nbsp;dar curso a un indulto humanitario concedido al pol\u00edtico hace unos&nbsp;a\u00f1os.<\/p>\n\n\n\n<p><strong>El ex mandatario recibi\u00f3 el indulto del ex presidente Pedro&nbsp;Pablo Kuczynski en v\u00edspera de la Navidad de 2017, pero tras unos&nbsp;meses en libertad fue devuelto a prisi\u00f3n por la intervenci\u00f3n de la&nbsp;Corte Interamericana de Derechos Humanos (Corte IDH), tras los&nbsp;reclamos de familiares de las v\u00edctimas de abusos.<\/strong><\/p>\n\n\n\n<p>En el Tribunal Constitucional hab\u00eda emitido otro fallo a&nbsp;favor de Fujimori, pero qued\u00f3 nuevamente suspendido.&nbsp;<\/p>\n\n\n\n<p><strong>Fujimori, de 85 a\u00f1os, fue condenado por ser autor mediato de la&nbsp;matanza de 25 personas en los casos Barrios Altos en 1991 y la&nbsp;Universidad La Cantuta en 1992, mientras su Gobierno enfrentaba a&nbsp;la guerrilla izquierdista de Sendero Luminoso.<\/strong><\/p>\n\n\n\n<p>Los simpatizantes del ex presidente lo recuerdan como un l\u00edder&nbsp;de mano dura que salv\u00f3 al pa\u00eds del terrorismo y una crisis&nbsp;econ\u00f3mica a fines del siglo pasado, pero sus detractores afirman&nbsp;que fue un d\u00e9spota que disolvi\u00f3 el Congreso en 1992 y viol\u00f3 los&nbsp;derechos humanos para mantenerse durante una d\u00e9cada en el poder.<\/p>\n\n\n\n<p>Su hija mayor y heredera pol\u00edtica,<strong>&nbsp;Keiko Fujimori,<\/strong>&nbsp;est\u00e1 a punto&nbsp;de ser juzgada por lavado de activos al sospecharse que recibi\u00f3&nbsp;aportes ilegales para sus campa\u00f1as de la constructora brasile\u00f1a&nbsp;Odebrecht y de un banco local.<\/p>\n\n\n\n<p><strong>Keiko,<\/strong>&nbsp;en su tercer intento por ganar la presidencia de&nbsp;Per\u00fa, perdi\u00f3 en 2021 unas apretadas elecciones frente al ahora&nbsp;destituido ex mandatario Pedro Castillo.<\/p>\n","protected":false},"excerpt":{"rendered":"<p>El ex presidente debe afrontar una reparaci\u00f3n civil por casos de corrupci\u00f3n. El\u00a0indulto\u00a0al ex presidente\u00a0peruanoAlberto Fujimori\u00a0no lo libera de\u00a0pagar\u00a0unos 15 millones de d\u00f3lares\u00a0de deuda por\u00a0reparaci\u00f3n civil\u00a0por los\u00a0casos de corrupci\u00f3n, dijo&hellip; <\/p>\n","protected":false},"author":4,"featured_media":108338,"comment_status":"closed","ping_status":"open","sticky":false,"template":"","format":"standard","meta":{"footnotes":""},"categories":[11],"tags":[],"class_list":["post-108337","post","type-post","status-publish","format-standard","has-post-thumbnail","hentry","category-internacionales"],"_links":{"self":[{"href":"https:\/\/corrientesdetarde.com\/index.php\/wp-json\/wp\/v2\/posts\/108337","targetHints":{"allow":["GET"]}}],"collection":[{"href":"https:\/\/corrientesdetarde.com\/index.php\/wp-json\/wp\/v2\/posts"}],"about":[{"href":"https:\/\/corrientesdetarde.com\/index.php\/wp-json\/wp\/v2\/types\/post"}],"author":[{"embeddable":true,"href":"https:\/\/corrientesdetarde.com\/index.php\/wp-json\/wp\/v2\/users\/4"}],"replies":[{"embeddable":true,"href":"https:\/\/corrientesdetarde.com\/index.php\/wp-json\/wp\/v2\/comments?post=108337"}],"version-history":[{"count":1,"href":"https:\/\/corrientesdetarde.com\/index.php\/wp-json\/wp\/v2\/posts\/108337\/revisions"}],"predecessor-version":[{"id":108339,"href":"https:\/\/corrientesdetarde.com\/index.php\/wp-json\/wp\/v2\/posts\/108337\/revisions\/108339"}],"wp:featuredmedia":[{"embeddable":true,"href":"https:\/\/corrientesdetarde.com\/index.php\/wp-json\/wp\/v2\/media\/108338"}],"wp:attachment":[{"href":"https:\/\/corrientesdetarde.com\/index.php\/wp-json\/wp\/v2\/media?parent=108337"}],"wp:term":[{"taxonomy":"category","embeddable":true,"href":"https:\/\/corrientesdetarde.com\/index.php\/wp-json\/wp\/v2\/categories?post=108337"},{"taxonomy":"post_tag","embeddable":true,"href":"https:\/\/corrientesdetarde.com\/index.php\/wp-json\/wp\/v2\/tags?post=108337"}],"curies":[{"name":"wp","href":"https:\/\/api.w.org\/{rel}","templated":true}]}}