{"id":108651,"date":"2023-12-07T17:39:40","date_gmt":"2023-12-07T20:39:40","guid":{"rendered":"https:\/\/corrientesdetarde.com\/?p=108651"},"modified":"2023-12-07T17:39:54","modified_gmt":"2023-12-07T20:39:54","slug":"en-la-ultima-rueda-antes-del-cambio-de-gestion-el-gobierno-subio-el-dolar-oficial-a-mas-de-400","status":"publish","type":"post","link":"https:\/\/corrientesdetarde.com\/index.php\/economia\/en-la-ultima-rueda-antes-del-cambio-de-gestion-el-gobierno-subio-el-dolar-oficial-a-mas-de-400\/","title":{"rendered":"En la \u00faltima rueda antes del cambio de gesti\u00f3n, el Gobierno subi\u00f3 el d\u00f3lar oficial a m\u00e1s de $400"},"content":{"rendered":"\n<p>El tipo de cambio minorista se vende en el Banco Naci\u00f3n a $400,50. Esto representa un incremento de m\u00e1s de $20 en relaci\u00f3n con el cierre previo. El billete informal se vende a $990.<\/p>\n\n\n\n<p>En la \u00faltima rueda antes del cambio de gesti\u00f3n,&nbsp;<strong>el Gobierno subi\u00f3 el d\u00f3lar oficial a m\u00e1s de $400.<\/strong>&nbsp;El tipo de cambio cerr\u00f3 la jornada con una suba que lo llev\u00f3 a cotizar a $400,50. Por su parte, el d\u00f3lar blue cotiz\u00f3 a $975 para la compra y $990 para la venta.<\/p>\n\n\n\n<p>Este mi\u00e9rcoles, el tipo de cambio que se comercializa en el Banco Naci\u00f3n se vend\u00eda en\u00a0<strong>$378,95<\/strong>\u00a0y este jueves se vende a\u00a0<strong>$400,50<\/strong>. Esto es, una suba de $21,55 o 5,69%.<\/p>\n\n\n\n<p>En la semana que acaba de finalizar&nbsp;<strong>el<\/strong>&nbsp;<strong>tipo de cambio mayorista&nbsp;<\/strong>subi\u00f3 $23,90 respecto del cierre del viernes pasado, y cerr\u00f3 en&nbsp;<strong>$385<\/strong>. As\u00ed, se trata de<strong>&nbsp;la mayor suba intradiaria desde mediados de agosto.<\/strong><\/p>\n\n\n\n<figure class=\"wp-block-image\"><img decoding=\"async\" src=\"https:\/\/tn.com.ar\/resizer\/Rs14AvtPB_ug6ywosZWMotPGs8Y=\/767x0\/smart\/filters:format(webp)\/cloudfront-us-east-1.images.arcpublishing.com\/artear\/KUG6Y66XVVCAFMNBSUXI3LWLIA.jpg\" alt=\"Sergio Massa, ministro de Econom\u00eda. (Foto: prensa Ministerio de Econom\u00eda)\"\/><\/figure>\n\n\n\n<p>Aunque el mi\u00e9rcoles 15 de noviembre, el Gobierno reanud\u00f3 el sistema de&nbsp;<em><strong>crawling peg<\/strong><\/em>, que implica realizar&nbsp;<strong>microdevaluaciones diarias<\/strong>&nbsp;en el tipo de cambio oficial, en la \u00faltima ronda de mercado antes de la asunci\u00f3n del l\u00edder de La Libertad Avanza, el Banco Central le solt\u00f3 la soga al d\u00f3lar.<\/p>\n\n\n\n<p>Por su parte,&nbsp;<strong>el&nbsp;d\u00f3lar blue toc\u00f3 m\u00e1ximos en 9 jornadas&nbsp;<\/strong>y cerr\u00f3 a&nbsp;$940&nbsp;para la compra&nbsp;y $990&nbsp;para la venta&nbsp;este jueves 7 de diciembre, en el \u00faltimo d\u00eda h\u00e1bil previo al traspaso de mando presidencial.<\/p>\n\n\n\n<p><\/p>\n","protected":false},"excerpt":{"rendered":"<p>El tipo de cambio minorista se vende en el Banco Naci\u00f3n a $400,50. Esto representa un incremento de m\u00e1s de $20 en relaci\u00f3n con el cierre previo. El billete informal&hellip; <\/p>\n","protected":false},"author":8,"featured_media":108652,"comment_status":"closed","ping_status":"open","sticky":false,"template":"","format":"standard","meta":{"footnotes":""},"categories":[20],"tags":[],"class_list":["post-108651","post","type-post","status-publish","format-standard","has-post-thumbnail","hentry","category-economia"],"_links":{"self":[{"href":"https:\/\/corrientesdetarde.com\/index.php\/wp-json\/wp\/v2\/posts\/108651","targetHints":{"allow":["GET"]}}],"collection":[{"href":"https:\/\/corrientesdetarde.com\/index.php\/wp-json\/wp\/v2\/posts"}],"about":[{"href":"https:\/\/corrientesdetarde.com\/index.php\/wp-json\/wp\/v2\/types\/post"}],"author":[{"embeddable":true,"href":"https:\/\/corrientesdetarde.com\/index.php\/wp-json\/wp\/v2\/users\/8"}],"replies":[{"embeddable":true,"href":"https:\/\/corrientesdetarde.com\/index.php\/wp-json\/wp\/v2\/comments?post=108651"}],"version-history":[{"count":1,"href":"https:\/\/corrientesdetarde.com\/index.php\/wp-json\/wp\/v2\/posts\/108651\/revisions"}],"predecessor-version":[{"id":108653,"href":"https:\/\/corrientesdetarde.com\/index.php\/wp-json\/wp\/v2\/posts\/108651\/revisions\/108653"}],"wp:featuredmedia":[{"embeddable":true,"href":"https:\/\/corrientesdetarde.com\/index.php\/wp-json\/wp\/v2\/media\/108652"}],"wp:attachment":[{"href":"https:\/\/corrientesdetarde.com\/index.php\/wp-json\/wp\/v2\/media?parent=108651"}],"wp:term":[{"taxonomy":"category","embeddable":true,"href":"https:\/\/corrientesdetarde.com\/index.php\/wp-json\/wp\/v2\/categories?post=108651"},{"taxonomy":"post_tag","embeddable":true,"href":"https:\/\/corrientesdetarde.com\/index.php\/wp-json\/wp\/v2\/tags?post=108651"}],"curies":[{"name":"wp","href":"https:\/\/api.w.org\/{rel}","templated":true}]}}