{"id":108657,"date":"2023-12-07T17:44:02","date_gmt":"2023-12-07T20:44:02","guid":{"rendered":"https:\/\/corrientesdetarde.com\/?p=108657"},"modified":"2023-12-07T17:44:13","modified_gmt":"2023-12-07T20:44:13","slug":"juraron-los-nuevos-diputados-y-martin-menem-fue-elegido-presidente-de-la-camara-baja","status":"publish","type":"post","link":"https:\/\/corrientesdetarde.com\/index.php\/politica\/juraron-los-nuevos-diputados-y-martin-menem-fue-elegido-presidente-de-la-camara-baja\/","title":{"rendered":"Juraron los nuevos diputados y Mart\u00edn Menem fue elegido presidente de la C\u00e1mara Baja"},"content":{"rendered":"\n<p>Se le tom\u00f3 juramento a los 130 legisladores electos el 22 de octubre, que asumir\u00e1n sus funciones a partir del 10 de diciembre.<\/p>\n\n\n\n<p>Este jueves a las 14 se llev\u00f3 a cabo la sesi\u00f3n especial en la C\u00e1mara de Diputados de la Naci\u00f3n para tomar juramento a los 130 legisladores electos en las elecciones generales del 22 de octubre. Adem\u00e1s, fue designado el riojano&nbsp;<strong>Mart\u00edn Menem como presidente de la C\u00e1mara Baja<\/strong>, quedando as\u00ed ese lugar para el oficialismo (La Libertad Avanza) pese a no ser primera minor\u00eda.<\/p>\n\n\n\n<p>Tambi\u00e9n quedaron definidas las autoridades de la C\u00e1mara: el Frente de Todos se qued\u00f3 con la vicepresidencia primera, que ocupar\u00e1 quien hasta ahora ocupaba la presidencia<strong>, Cecilia Moreau;<\/strong>\u00a0la segunda vicepresidencia fue para el bloque de la UCR, que design\u00f3 al exvicepresidente Julio Cobos. En tanto, la tercera vicepresidencia fue para el PRO, que decidi\u00f3 mantener el nombre en reserva.<\/p>\n\n\n\n<p>Previo a la definici\u00f3n de autoridades se tom\u00f3 juramento a los 130 diputados nacionales electos, que asumir\u00e1n el pr\u00f3ximo 10 de diciembre y finalizar\u00e1n su mandato en 2027. Juraron tambi\u00e9n los reemplazantes de los legisladores que renunciaron para asumir otras funciones, entre ellos el presidente electo,&nbsp;<strong>Javier Milei<\/strong>, y la vicepresidenta,&nbsp;<strong>Victoria Villarruel<\/strong>. Lo mismo ocurri\u00f3 con quien ocupar\u00e1 la banca de Maximiliano Guerra, que present\u00f3 su renuncia por razones personales.<\/p>\n\n\n\n<p>Adem\u00e1s, juraron el exgobernador de Santa Cruz Sergio Acevedo, en reemplazo del gobernador electo Claudio Vidal, y la dirigente del PRO Mar\u00eda Florencia de Sensi en lugar de la diputada Graciela Oca\u00f1a, quien asumir\u00e1 como legisladora porte\u00f1a. Tambi\u00e9n juraron la sanjuanina radical Mar\u00eda de los \u00c1ngeles Moreno en lugar de la intendenta electa de San Juan, Susana Laciar; la santafesina Melina Giorgi en reemplazo de la diputada de Evoluci\u00f3n Radical Victoria Tejeda y Osvaldo Llancafilo por el gobernador electo de Neuqu\u00e9n, Rolando Figueroa.<\/p>\n\n\n\n<p>Las negociaciones a contra reloj entre los presidentes de bloque demoraron casi dos horas el inicio de la sesi\u00f3n, pero ni a\u00fan as\u00ed lograron limar todas las asperezas. En efecto, al momento de definir los integrantes de las distintas comisiones hubo un fuerte entredicho entre el l\u00edder de la bancada peronista, Germ\u00e1n Mart\u00ednez, y el presidente de la C\u00e1mara, Mart\u00edn Menem.<\/p>\n\n\n\n<p>\u201c<strong>No es un buen comienzo si no logra resolver estas cuestiones<\/strong>\u201d, le espet\u00f3 el legislador del Frente de Todos al libertario que hoy debut\u00f3 como autoridad legislativa. En contrapartida, desde el bloque de la UCR Rodrigo De Loredo asegur\u00f3 que el radicalismo \u201ccooperar\u00e1\u201d con las reformas del Estado, aunque aclar\u00f3 que no cogobernar\u00e1.<\/p>\n\n\n\n<p>La sesi\u00f3n estuco marcada por el color y la presencia de personalidades en los palcos, adem\u00e1s de los cruces y las chicanas pol\u00edticas. Entre ellas la de la hermana del presidente electo Javier Milei, Karina \u201cel Jefe\u201d. Salud\u00f3 a todos los legisladores electos de La Libertad Avanza y recibi\u00f3 un agradecimiento especial por parte de Menem al momento de dar su discurso como flamante presidente de la C\u00e1mara. Otras de las figuras de la tarde fue la familia Menem, representada por Eduardo, Adri\u00e1n y Zulemita, que acompa\u00f1aron al riojano.<\/p>\n\n\n\n<p>El flamante presidente de la C\u00e1mara Baja asegur\u00f3 que se ajustar\u00e1 \u201cal principio de imparcialidad y equidad\u201d y llam\u00f3 a \u201cabrir el camino del di\u00e1logo constructivo para obtener consensos fundamentales que permitan superar los problemas de nuestra poblaci\u00f3n\u201d. Tras ser designado, Menem dijo que est\u00e1 convencido de que \u201cdebemos trabajar para superar el descr\u00e9dito de la pol\u00edtica en general y del Parlamento en particular, para lo cual tenemos que dinamizar su funcionamiento\u201d.<\/p>\n\n\n\n<p><\/p>\n","protected":false},"excerpt":{"rendered":"<p>Se le tom\u00f3 juramento a los 130 legisladores electos el 22 de octubre, que asumir\u00e1n sus funciones a partir del 10 de diciembre. Este jueves a las 14 se llev\u00f3&hellip; <\/p>\n","protected":false},"author":8,"featured_media":108658,"comment_status":"closed","ping_status":"open","sticky":false,"template":"","format":"standard","meta":{"footnotes":""},"categories":[3],"tags":[],"class_list":["post-108657","post","type-post","status-publish","format-standard","has-post-thumbnail","hentry","category-politica"],"_links":{"self":[{"href":"https:\/\/corrientesdetarde.com\/index.php\/wp-json\/wp\/v2\/posts\/108657","targetHints":{"allow":["GET"]}}],"collection":[{"href":"https:\/\/corrientesdetarde.com\/index.php\/wp-json\/wp\/v2\/posts"}],"about":[{"href":"https:\/\/corrientesdetarde.com\/index.php\/wp-json\/wp\/v2\/types\/post"}],"author":[{"embeddable":true,"href":"https:\/\/corrientesdetarde.com\/index.php\/wp-json\/wp\/v2\/users\/8"}],"replies":[{"embeddable":true,"href":"https:\/\/corrientesdetarde.com\/index.php\/wp-json\/wp\/v2\/comments?post=108657"}],"version-history":[{"count":1,"href":"https:\/\/corrientesdetarde.com\/index.php\/wp-json\/wp\/v2\/posts\/108657\/revisions"}],"predecessor-version":[{"id":108659,"href":"https:\/\/corrientesdetarde.com\/index.php\/wp-json\/wp\/v2\/posts\/108657\/revisions\/108659"}],"wp:featuredmedia":[{"embeddable":true,"href":"https:\/\/corrientesdetarde.com\/index.php\/wp-json\/wp\/v2\/media\/108658"}],"wp:attachment":[{"href":"https:\/\/corrientesdetarde.com\/index.php\/wp-json\/wp\/v2\/media?parent=108657"}],"wp:term":[{"taxonomy":"category","embeddable":true,"href":"https:\/\/corrientesdetarde.com\/index.php\/wp-json\/wp\/v2\/categories?post=108657"},{"taxonomy":"post_tag","embeddable":true,"href":"https:\/\/corrientesdetarde.com\/index.php\/wp-json\/wp\/v2\/tags?post=108657"}],"curies":[{"name":"wp","href":"https:\/\/api.w.org\/{rel}","templated":true}]}}