{"id":108660,"date":"2023-12-07T17:52:25","date_gmt":"2023-12-07T20:52:25","guid":{"rendered":"https:\/\/corrientesdetarde.com\/?p=108660"},"modified":"2023-12-07T17:52:30","modified_gmt":"2023-12-07T20:52:30","slug":"se-supo-el-rol-que-fatima-florez-tendra-en-la-asuncion-presidencial-de-javier-milei","status":"publish","type":"post","link":"https:\/\/corrientesdetarde.com\/index.php\/espectaculos\/se-supo-el-rol-que-fatima-florez-tendra-en-la-asuncion-presidencial-de-javier-milei\/","title":{"rendered":"Se supo el rol que F\u00e1tima Florez tendr\u00e1 en la asunci\u00f3n presidencial de Javier Milei"},"content":{"rendered":"\n<p>La artista acompa\u00f1ar\u00e1 a su pareja en el evento que se realizar\u00e1 este domingo en el Congreso.<\/p>\n\n\n\n<p>Este domingo 10 de diciembre Javier Milei asumir\u00e1 como presidente\u00a0de la Argentina y F\u00e1tima Florez\u00a0<strong>, su pareja, estar\u00e1 presente en este momento tan especial\u00a0<\/strong>para el pol\u00edtico. La jura ante la Asamblea Legislativa\u00a0<strong>empezar\u00e1 a las 11:00 en el Congreso<\/strong>, donde\u00a0 Alberto Fern\u00e1ndez concretar\u00e1 la entrega de los atributos del mando.<\/p>\n\n\n\n<p>Durante las \u00faltimas horas mucho se especul\u00f3 sobre<strong>\u00a0el rol que ocupar\u00e1 la humorista en este evento\u00a0<\/strong>y si cumplir\u00e1 o no con el protocolo de Primera Dama. Seg\u00fan inform\u00f3\u00a0<strong>Esteban Trebucq<\/strong>, F\u00e1tima participar\u00e1 de la asunci\u00f3n,\u00a0<strong>pero no acompa\u00f1ar\u00e1 a Javier Milei en el convertible alem\u00e1n que utilizar\u00eda para ir hasta el Congreso<\/strong>. La capoc\u00f3mica esperar\u00e1 al presidente electo en el lugar junto a los padres de \u00e9ste.<\/p>\n\n\n\n<p>\u201cEl domingo se utilizar\u00e1 un convertible alem\u00e1n. Milei estar\u00e1 acompa\u00f1ado por su hermana Karina.<strong>&nbsp;F\u00e1tima esperar\u00e1 en el Congreso junto a los padres del presidente<\/strong>\u201d, asegur\u00f3 el periodista en su cuenta oficial de X. Adem\u00e1s, adelant\u00f3&nbsp;<strong>las tem\u00e1ticas que tocar\u00e1 el mandatario en su discurso de asunci\u00f3n<\/strong>: \u201cSe hablar\u00e1 de la bomba econ\u00f3mica que dejan Alberto-CFK-Massa y del riesgo concreto de hiperinflaci\u00f3n. Tambi\u00e9n del plan global para evitarla. Habr\u00e1 medidas inmediatas. La situaci\u00f3n se describe como grav\u00edsima\u201d.<\/p>\n\n\n\n<figure class=\"wp-block-image\"><img decoding=\"async\" src=\"https:\/\/tn.com.ar\/resizer\/Vj2lKs0qAO2gtWpzvSnSsd84viA=\/767x0\/smart\/filters:format(webp)\/cloudfront-us-east-1.images.arcpublishing.com\/artear\/A3PUYRISUUHU5GCTHJLGLJ3EOQ.jpg\" alt=\"El candidato presidencial de la coalici\u00f3n Libertad Avanza, Javier Milei, y su novia, F\u00e1tima Florez, saludan a simpatizantes reunidos fuera de su sede de campa\u00f1a despu\u00e9s de ganar el balotaje, el domingo 19 de noviembre de 2023, en Buenos Aires. (AP Foto\/Rodrigo Abd)\"\/><\/figure>\n\n\n\n<p>Al aire de&nbsp;<em>A la Barbarossa (Telefe)<\/em>,&nbsp;<strong>P\u00eda Shaw cont\u00f3 que la actriz ya tendr\u00eda definido el outfit que usar\u00e1 para la ocasi\u00f3n<\/strong>. \u201cLa dise\u00f1adora que eligi\u00f3 es Natalia Antolin. Ella todav\u00eda no sabe que F\u00e1tima va a usar su ropa, se est\u00e1 enterando por m\u00ed\u201d, coment\u00f3 la panelista.<\/p>\n\n\n\n<h2 class=\"wp-block-heading\">\u00bfF\u00e1tima Florez vivir\u00e1 con Javier Milei en la Quinta de Olivos?<\/h2>\n\n\n\n<p>En una entrevista que brind\u00f3 hace algunos d\u00edas atr\u00e1s, Milei contest\u00f3 si su pareja\u00a0F\u00e1tima Flores vivir\u00e1 junto a \u00e9l en la Quinta de Olivos.\u00a0<strong>\u201c\u00bfVan a vivir juntos en Olivos?\u201d<\/strong>,\u00a0quiso saber\u00a0<strong>Maite Pe\u00f1o\u00f1ori<\/strong>, en el reportaje que\u00a0<strong>Milei\u00a0<\/strong>le dio a<strong>\u00a0Marcelo Longobardi\u00a0<\/strong>en\u00a0<em><strong>Radio Rivadavia<\/strong><\/em>. \u201cSomos novios, por el momento. Todav\u00eda no vivimos juntos ahora\u201d, respondi\u00f3, y plane\u00f3 la duda.<\/p>\n\n\n\n<p>El pr\u00f3ximo mandatario de la Argentina fue expl\u00edcito cuando se refiri\u00f3 al rol que tendr\u00e1 su pareja como la pr\u00f3xima Primera Dama. \u201cNuestra posici\u00f3n es que se trabaja. Nuestra posici\u00f3n que se genera riqueza desde el sector privado\u201d, coment\u00f3.<strong>&nbsp;\u201cQue siga facturando la temporada\u201d,<\/strong>&nbsp;aportaron desde el piso, con algunas risas.<\/p>\n\n\n\n<figure class=\"wp-block-image\"><img decoding=\"async\" src=\"https:\/\/tn.com.ar\/resizer\/3b--hxP58HW6in3F6qztlFcK2Zs=\/767x0\/smart\/filters:format(webp)\/cloudfront-us-east-1.images.arcpublishing.com\/artear\/FQOYMDMRYVDIFIFEHY44KTZR2E.jfif\" alt=\"F\u00e1tima Florez y Karina Milei celebraron el triunfo de Javier Milei (Foto: Mario De Fina)\"\/><\/figure>\n\n\n\n<p>Entonces,&nbsp;<strong>fue contundente sobre su pensamiento acerca de la humorista<\/strong>. \u201cPara m\u00ed F\u00e1tima es una mujer brillante, m\u00e1s all\u00e1 de mi v\u00ednculo sentimental con ella. Es una persona brillante que es exitosa sirviendo al pr\u00f3jimo con un bien de calidad a un menor precio.<strong>&nbsp;Pag\u00e1s un ticket y te llev\u00e1s dos horas de alegr\u00eda<\/strong>. Eso es el valor que ella aporta\u201d, agreg\u00f3.<\/p>\n\n\n\n<p>Luego, Milei plante\u00f3 una pregunta acerca del rol que cumple F\u00e1tima como artista: \u201c<strong>\u00bfPor qu\u00e9 deber\u00eda ser tan ego\u00edsta&nbsp;<\/strong>de privar a los argentinos de disfrutar un espect\u00e1culo de la magnitud del trabajo que hace F\u00e1tima? Ella forj\u00f3 su carrera art\u00edstica en base a much\u00edsimo trabajo. Consecuentemente, ella debe continuar con su carrera porque<strong>&nbsp;es lo que decidi\u00f3 para su vida<\/strong>\u201d.<\/p>\n","protected":false},"excerpt":{"rendered":"<p>La artista acompa\u00f1ar\u00e1 a su pareja en el evento que se realizar\u00e1 este domingo en el Congreso. Este domingo 10 de diciembre Javier Milei asumir\u00e1 como presidente\u00a0de la Argentina y&hellip; <\/p>\n","protected":false},"author":8,"featured_media":108661,"comment_status":"closed","ping_status":"open","sticky":false,"template":"","format":"standard","meta":{"footnotes":""},"categories":[19],"tags":[],"class_list":["post-108660","post","type-post","status-publish","format-standard","has-post-thumbnail","hentry","category-espectaculos"],"_links":{"self":[{"href":"https:\/\/corrientesdetarde.com\/index.php\/wp-json\/wp\/v2\/posts\/108660","targetHints":{"allow":["GET"]}}],"collection":[{"href":"https:\/\/corrientesdetarde.com\/index.php\/wp-json\/wp\/v2\/posts"}],"about":[{"href":"https:\/\/corrientesdetarde.com\/index.php\/wp-json\/wp\/v2\/types\/post"}],"author":[{"embeddable":true,"href":"https:\/\/corrientesdetarde.com\/index.php\/wp-json\/wp\/v2\/users\/8"}],"replies":[{"embeddable":true,"href":"https:\/\/corrientesdetarde.com\/index.php\/wp-json\/wp\/v2\/comments?post=108660"}],"version-history":[{"count":1,"href":"https:\/\/corrientesdetarde.com\/index.php\/wp-json\/wp\/v2\/posts\/108660\/revisions"}],"predecessor-version":[{"id":108662,"href":"https:\/\/corrientesdetarde.com\/index.php\/wp-json\/wp\/v2\/posts\/108660\/revisions\/108662"}],"wp:featuredmedia":[{"embeddable":true,"href":"https:\/\/corrientesdetarde.com\/index.php\/wp-json\/wp\/v2\/media\/108661"}],"wp:attachment":[{"href":"https:\/\/corrientesdetarde.com\/index.php\/wp-json\/wp\/v2\/media?parent=108660"}],"wp:term":[{"taxonomy":"category","embeddable":true,"href":"https:\/\/corrientesdetarde.com\/index.php\/wp-json\/wp\/v2\/categories?post=108660"},{"taxonomy":"post_tag","embeddable":true,"href":"https:\/\/corrientesdetarde.com\/index.php\/wp-json\/wp\/v2\/tags?post=108660"}],"curies":[{"name":"wp","href":"https:\/\/api.w.org\/{rel}","templated":true}]}}