{"id":108668,"date":"2023-12-07T18:36:44","date_gmt":"2023-12-07T21:36:44","guid":{"rendered":"https:\/\/corrientesdetarde.com\/?p=108668"},"modified":"2023-12-07T18:36:55","modified_gmt":"2023-12-07T21:36:55","slug":"los-diputados-de-la-pala-trabajaran-aliados-a-la-motosierra","status":"publish","type":"post","link":"https:\/\/corrientesdetarde.com\/index.php\/politica\/los-diputados-de-la-pala-trabajaran-aliados-a-la-motosierra\/","title":{"rendered":"LOS DIPUTADOS DE LA PALA TRABAJARAN ALIADOS A LA MOTOSIERRA"},"content":{"rendered":"\n<p>(Pablo Roma, Congreso Nacional) &#8211; Juraron dos nuevos legisladores de la provincia de Salta, que ganaron la elecci\u00f3n de la mano del conocido Alfredo Olmedo, quien se hizo famoso en su gesti\u00f3n de diputado con la gorra amarilla y la frase de &#8220;hay que agarrar la pala&#8221; en alusi\u00f3n a la necesidad de trabajar para sacar al pa\u00eds adelante. <\/p>\n\n\n\n<p>Ser\u00e1n entonces tres los diputados encolumnados en el bloque de &#8220;Ahora Patria&#8221;, vinculado con el exdiputado Alfredo Olmedo, quienes como lo hicieron durante la campa\u00f1a ser\u00e1n aliados de Javier Milei. Dos de ellos, Mar\u00eda Emilia Orozco y Julio Moreno, se unir\u00e1n oficialmente el pr\u00f3ximo 10 de diciembre, mientras que Carlos Zapata, quien formaba parte del interbloque de Juntos por el Cambio, se unir\u00e1 a este nuevo bloque.<\/p>\n\n\n\n<p>Este nuevo grupo, denominado &#8220;Ahora Patria&#8221;, se alinear\u00e1 con La Libertad Avanza (LLA). En las elecciones de este a\u00f1o, el partido de Olmedo compiti\u00f3 junto a Javier Milei en Salta, logrando dos esca\u00f1os, ocupados por Orozco y Moreno, entre los 38 obtenidos por el oficialismo entrante.<\/p>\n\n\n\n<p>En cuanto a Zapata, quien ingres\u00f3 a la C\u00e1mara baja en 2021 con Juntos por el Cambio, a\u00fan no se ha confirmado si se unir\u00e1 a sus colegas en un interbloque con LLA o mantendr\u00e1 una alianza externa. No obstante, se rumorea que los tres diputados estar\u00e1n bajo la \u00f3rbita de LLA. La decisi\u00f3n final se tomar\u00e1 previo a la sesi\u00f3n preparatoria de este jueves.<\/p>\n\n\n\n<p>Esta determinaci\u00f3n influir\u00e1 en la cantidad de miembros que conformar\u00e1n el nuevo bloque oficialista, posicion\u00e1ndolo como la tercera fuerza en Diputados, detr\u00e1s de Uni\u00f3n por la Patria y Juntos por el Cambio.<\/p>\n","protected":false},"excerpt":{"rendered":"<p>(Pablo Roma, Congreso Nacional) &#8211; Juraron dos nuevos legisladores de la provincia de Salta, que ganaron la elecci\u00f3n de la mano del conocido Alfredo Olmedo, quien se hizo famoso en&hellip; <\/p>\n","protected":false},"author":11,"featured_media":108669,"comment_status":"closed","ping_status":"open","sticky":false,"template":"","format":"standard","meta":{"footnotes":""},"categories":[3],"tags":[336,302,1311,1313,1312],"class_list":["post-108668","post","type-post","status-publish","format-standard","has-post-thumbnail","hentry","category-politica","tag-milei","tag-moreno-2","tag-olmedo","tag-orozco","tag-zapata"],"_links":{"self":[{"href":"https:\/\/corrientesdetarde.com\/index.php\/wp-json\/wp\/v2\/posts\/108668","targetHints":{"allow":["GET"]}}],"collection":[{"href":"https:\/\/corrientesdetarde.com\/index.php\/wp-json\/wp\/v2\/posts"}],"about":[{"href":"https:\/\/corrientesdetarde.com\/index.php\/wp-json\/wp\/v2\/types\/post"}],"author":[{"embeddable":true,"href":"https:\/\/corrientesdetarde.com\/index.php\/wp-json\/wp\/v2\/users\/11"}],"replies":[{"embeddable":true,"href":"https:\/\/corrientesdetarde.com\/index.php\/wp-json\/wp\/v2\/comments?post=108668"}],"version-history":[{"count":1,"href":"https:\/\/corrientesdetarde.com\/index.php\/wp-json\/wp\/v2\/posts\/108668\/revisions"}],"predecessor-version":[{"id":108670,"href":"https:\/\/corrientesdetarde.com\/index.php\/wp-json\/wp\/v2\/posts\/108668\/revisions\/108670"}],"wp:featuredmedia":[{"embeddable":true,"href":"https:\/\/corrientesdetarde.com\/index.php\/wp-json\/wp\/v2\/media\/108669"}],"wp:attachment":[{"href":"https:\/\/corrientesdetarde.com\/index.php\/wp-json\/wp\/v2\/media?parent=108668"}],"wp:term":[{"taxonomy":"category","embeddable":true,"href":"https:\/\/corrientesdetarde.com\/index.php\/wp-json\/wp\/v2\/categories?post=108668"},{"taxonomy":"post_tag","embeddable":true,"href":"https:\/\/corrientesdetarde.com\/index.php\/wp-json\/wp\/v2\/tags?post=108668"}],"curies":[{"name":"wp","href":"https:\/\/api.w.org\/{rel}","templated":true}]}}