{"id":108696,"date":"2023-12-08T03:04:51","date_gmt":"2023-12-08T06:04:51","guid":{"rendered":"https:\/\/corrientesdetarde.com\/?p=108696"},"modified":"2023-12-08T03:05:03","modified_gmt":"2023-12-08T06:05:03","slug":"insolito-el-bcra-profundiza-el-cepo-hasta-el-ultimo-dia-de-mandato","status":"publish","type":"post","link":"https:\/\/corrientesdetarde.com\/index.php\/economia\/insolito-el-bcra-profundiza-el-cepo-hasta-el-ultimo-dia-de-mandato\/","title":{"rendered":"Ins\u00f3lito: el BCRA profundiza el cepo hasta el \u00faltimo d\u00eda de mandato"},"content":{"rendered":"\n<p>Restringi\u00f3 la posici\u00f3n de contado de los bancos desde hoy hasta el 21 de diciembre.<\/p>\n\n\n\n<p><strong>En el \u00faltimo d\u00eda h\u00e1bil de mandato de la actual conducci\u00f3n pol\u00edtica y econ\u00f3mica del pa\u00eds, el presidente del Banco Central emiti\u00f3 una normativa que profundiza el cepo cambiario<\/strong>&nbsp;y extendi\u00f3 su vigencia hasta el 31 de diciembre.<\/p>\n\n\n\n<p>Mediante la comunicaci\u00f3n \u201cA 7910\u201d, estableci\u00f3 que \u201centre el 7 de diciembre y el 31 de diciembre de este a\u00f1o la posici\u00f3n de contado diaria de moneda extranjera de las entidades financieras no podr\u00e1 superar la menor que surja de comparar el nivel registrado al 12 de octubre y el 6 de diciembre\u201d.<\/p>\n\n\n\n<p><strong>La medida est\u00e1 vinculada a otras similares que se adoptaron las \u00faltimas semanas<\/strong>&nbsp;y que limitan la posici\u00f3n en d\u00f3lares de los bancos, buscando cortar especulaciones.<\/p>\n\n\n\n<p><strong>La comunicaci\u00f3n fue publicada este ma\u00f1ana y se desconoce si hubo alg\u00fan tipo de acuerdo entre las autoridades salientes y las ya designadas por el presidente electo, Javier Milei.<\/strong><\/p>\n\n\n\n<p><strong>Santiago Bausilli reemplazar\u00e1 a Miguel Angel Pesce al frente de la autoridad monetaria.<\/strong><\/p>\n\n\n\n<figure class=\"wp-block-image size-full\"><img loading=\"lazy\" decoding=\"async\" width=\"759\" height=\"473\" src=\"https:\/\/corrientesdetarde.com\/wp-content\/uploads\/2023\/12\/image-198.png\" alt=\"\" class=\"wp-image-108740\" srcset=\"https:\/\/corrientesdetarde.com\/wp-content\/uploads\/2023\/12\/image-198.png 759w, https:\/\/corrientesdetarde.com\/wp-content\/uploads\/2023\/12\/image-198-300x187.png 300w\" sizes=\"auto, (max-width: 759px) 100vw, 759px\" \/><\/figure>\n","protected":false},"excerpt":{"rendered":"<p>Restringi\u00f3 la posici\u00f3n de contado de los bancos desde hoy hasta el 21 de diciembre. En el \u00faltimo d\u00eda h\u00e1bil de mandato de la actual conducci\u00f3n pol\u00edtica y econ\u00f3mica del&hellip; <\/p>\n","protected":false},"author":4,"featured_media":108741,"comment_status":"closed","ping_status":"open","sticky":false,"template":"","format":"standard","meta":{"footnotes":""},"categories":[20],"tags":[],"class_list":["post-108696","post","type-post","status-publish","format-standard","has-post-thumbnail","hentry","category-economia"],"_links":{"self":[{"href":"https:\/\/corrientesdetarde.com\/index.php\/wp-json\/wp\/v2\/posts\/108696","targetHints":{"allow":["GET"]}}],"collection":[{"href":"https:\/\/corrientesdetarde.com\/index.php\/wp-json\/wp\/v2\/posts"}],"about":[{"href":"https:\/\/corrientesdetarde.com\/index.php\/wp-json\/wp\/v2\/types\/post"}],"author":[{"embeddable":true,"href":"https:\/\/corrientesdetarde.com\/index.php\/wp-json\/wp\/v2\/users\/4"}],"replies":[{"embeddable":true,"href":"https:\/\/corrientesdetarde.com\/index.php\/wp-json\/wp\/v2\/comments?post=108696"}],"version-history":[{"count":1,"href":"https:\/\/corrientesdetarde.com\/index.php\/wp-json\/wp\/v2\/posts\/108696\/revisions"}],"predecessor-version":[{"id":108742,"href":"https:\/\/corrientesdetarde.com\/index.php\/wp-json\/wp\/v2\/posts\/108696\/revisions\/108742"}],"wp:featuredmedia":[{"embeddable":true,"href":"https:\/\/corrientesdetarde.com\/index.php\/wp-json\/wp\/v2\/media\/108741"}],"wp:attachment":[{"href":"https:\/\/corrientesdetarde.com\/index.php\/wp-json\/wp\/v2\/media?parent=108696"}],"wp:term":[{"taxonomy":"category","embeddable":true,"href":"https:\/\/corrientesdetarde.com\/index.php\/wp-json\/wp\/v2\/categories?post=108696"},{"taxonomy":"post_tag","embeddable":true,"href":"https:\/\/corrientesdetarde.com\/index.php\/wp-json\/wp\/v2\/tags?post=108696"}],"curies":[{"name":"wp","href":"https:\/\/api.w.org\/{rel}","templated":true}]}}