{"id":108727,"date":"2023-12-07T22:55:22","date_gmt":"2023-12-08T01:55:22","guid":{"rendered":"https:\/\/corrientesdetarde.com\/?p=108727"},"modified":"2023-12-07T22:55:28","modified_gmt":"2023-12-08T01:55:28","slug":"escasez-de-divisas-pesce-deja-el-banco-central-con-reservas-netas-en-terreno-negativo","status":"publish","type":"post","link":"https:\/\/corrientesdetarde.com\/index.php\/economia\/escasez-de-divisas-pesce-deja-el-banco-central-con-reservas-netas-en-terreno-negativo\/","title":{"rendered":"Escasez de divisas: Pesce deja el Banco Central con reservas netas en terreno negativo"},"content":{"rendered":"\n<p>Durante el 2023, la autoridad monetaria perdi\u00f3 US$23.000 millones de sus arcas.<\/p>\n\n\n\n<p>Las reservas netas del\u00a0Banco Central de la Rep\u00fablica Argentina\u00a0(BCRA)\u00a0<strong>terminan la presidencia de Miguel Pesce al frente de la autoridad monetaria en terreno negativo, superando los -US$10.000 millones<\/strong>, de acuerdo a estimaciones privadas.<\/p>\n\n\n\n<p>El titular del Central en el Gobierno de Alberto Fern\u00e1ndez hab\u00eda recibido en 2019 cuando asumi\u00f3 US$25.000 millones de reservas brutas, mientras que las netas eran positivas por US$13.000 millones. A poco de terminar su gesti\u00f3n,&nbsp;<strong>en las arcas de la entidad hay US$21.329 millones de reservas brutas<\/strong>, en tanto que las netas est\u00e1n por debajo de los -10.000 millones de d\u00f3lares.<\/p>\n\n\n\n<p>Las reservas brutas est\u00e1n constituidas mayoritariamente por los encajes bancarios de los dep\u00f3sitos en d\u00f3lares, el oro, los DEG (la moneda del Fondo Monetario) y los yuanes del swap con China, mientras que las netas son los d\u00f3lares propios que tiene el Central.<\/p>\n\n\n\n<p>Los valores de las divisas netas que quedan en el BCRA se desprenden de c\u00e1lculos privados ya que no existe informaci\u00f3n oficial al respecto. De acuerdo a la prestadora de servicios financieros en la Bolsa, Aurum Valores,&nbsp;<strong>las reservas netas al 4 de diciembre son de -11.919 millones de d\u00f3lares.<\/strong><\/p>\n\n\n\n<p>La firma analiz\u00f3 que la escasez de reservas demandar\u00e1 \u201cun importante esfuerzo de acumulaci\u00f3n en los pr\u00f3ximos meses que permita estabilizar la macro\u201d, por lo que consideran que&nbsp;<strong>\u201cen pos de ese objetivo, se hace necesario un tipo de cambio real alto\u201d.<\/strong>&nbsp;En tanto que aseguraron que \u201clidiar con el riesgo de traspaso a precios de este ajuste deber\u00eda estar en la primera l\u00ednea de preocupaci\u00f3n del pr\u00f3ximo ministro de Econom\u00eda\u201d.<\/p>\n\n\n\n<p>La p\u00e9rdida de divisas por parte de la autoridad monetaria se profundiz\u00f3 durante el 2023, cuando por el pago de deudas, la venta de d\u00f3lares y la intervenci\u00f3n en el mercado para contener las cotizaciones financieras&nbsp;<strong>se fueron US$23.000 millones.<\/strong><\/p>\n\n\n\n<h3 class=\"wp-block-heading\">Panorama para el primer a\u00f1o de Milei<\/h3>\n\n\n\n<p>Con la asunci\u00f3n de\u00a0Javier Milei\u00a0como Presidente de la Naci\u00f3n el pr\u00f3ximo domingo, entrar\u00e1 en funciones el nuevo titular del BCRA, que ser\u00e1\u00a0Santiago Bausili, qui\u00e9n tendr\u00e1 la tarea de recuperar reservas entre sus principales desaf\u00edos.<\/p>\n\n\n\n<p>De cara al 2024, se estima que&nbsp;<strong>las reservas del Central tengan un aumento en torno a los US$12.000 millones<\/strong>, de acuerdo a las previsiones esbozadas por la Fundaci\u00f3n Mediterr\u00e1nea.<\/p>\n\n\n\n<p>Los c\u00e1lculos de la entidad plantean una\u00a0recuperaci\u00f3n del saldo comercial en US$25.000 millones, debido al crecimiento de ingresos por v\u00eda de un repunte de los vol\u00famenes de cosecha de soja y de otros productos agr\u00edcolas, tras la sequ\u00eda, y de un mayor impulso de los sectores energ\u00e9tico y tur\u00edstico.<\/p>\n\n\n\n<p>La diferencia entre el ingreso de d\u00f3lares del sector comercial y el menor crecimiento de las reservas radica en que el Gobierno adem\u00e1s de fortalecer las arcas del Central tendr\u00e1 que<strong>&nbsp;cubrir diferentes demandas de empresas y provincias por deudas acumuladas y obligaciones establecidas.<\/strong><\/p>\n\n\n\n<p>Entre los compromisos que deber\u00e1 atender el Ejecutivo, est\u00e1n la abultada deuda que se sigue acumulando con importadores, que no fueron autorizados a girar divisas en los \u00faltimos meses y la deuda comercial que seg\u00fan AmCham asciende a US$56.000 millones, principalmente a ra\u00edz de los atrasos en la remisi\u00f3n de utilidades y dividendos por parte de las compa\u00f1\u00edas multinacionales a sus casas matrices.<\/p>\n","protected":false},"excerpt":{"rendered":"<p>Durante el 2023, la autoridad monetaria perdi\u00f3 US$23.000 millones de sus arcas. Las reservas netas del\u00a0Banco Central de la Rep\u00fablica Argentina\u00a0(BCRA)\u00a0terminan la presidencia de Miguel Pesce al frente de la&hellip; <\/p>\n","protected":false},"author":4,"featured_media":108728,"comment_status":"closed","ping_status":"open","sticky":false,"template":"","format":"standard","meta":{"footnotes":""},"categories":[20],"tags":[],"class_list":["post-108727","post","type-post","status-publish","format-standard","has-post-thumbnail","hentry","category-economia"],"_links":{"self":[{"href":"https:\/\/corrientesdetarde.com\/index.php\/wp-json\/wp\/v2\/posts\/108727","targetHints":{"allow":["GET"]}}],"collection":[{"href":"https:\/\/corrientesdetarde.com\/index.php\/wp-json\/wp\/v2\/posts"}],"about":[{"href":"https:\/\/corrientesdetarde.com\/index.php\/wp-json\/wp\/v2\/types\/post"}],"author":[{"embeddable":true,"href":"https:\/\/corrientesdetarde.com\/index.php\/wp-json\/wp\/v2\/users\/4"}],"replies":[{"embeddable":true,"href":"https:\/\/corrientesdetarde.com\/index.php\/wp-json\/wp\/v2\/comments?post=108727"}],"version-history":[{"count":1,"href":"https:\/\/corrientesdetarde.com\/index.php\/wp-json\/wp\/v2\/posts\/108727\/revisions"}],"predecessor-version":[{"id":108729,"href":"https:\/\/corrientesdetarde.com\/index.php\/wp-json\/wp\/v2\/posts\/108727\/revisions\/108729"}],"wp:featuredmedia":[{"embeddable":true,"href":"https:\/\/corrientesdetarde.com\/index.php\/wp-json\/wp\/v2\/media\/108728"}],"wp:attachment":[{"href":"https:\/\/corrientesdetarde.com\/index.php\/wp-json\/wp\/v2\/media?parent=108727"}],"wp:term":[{"taxonomy":"category","embeddable":true,"href":"https:\/\/corrientesdetarde.com\/index.php\/wp-json\/wp\/v2\/categories?post=108727"},{"taxonomy":"post_tag","embeddable":true,"href":"https:\/\/corrientesdetarde.com\/index.php\/wp-json\/wp\/v2\/tags?post=108727"}],"curies":[{"name":"wp","href":"https:\/\/api.w.org\/{rel}","templated":true}]}}