{"id":108730,"date":"2023-12-07T22:57:01","date_gmt":"2023-12-08T01:57:01","guid":{"rendered":"https:\/\/corrientesdetarde.com\/?p=108730"},"modified":"2023-12-07T22:57:06","modified_gmt":"2023-12-08T01:57:06","slug":"antes-de-que-asuma-milei-el-peso-se-devaluo-un-6-por-ciento-en-el-circuito-minorista","status":"publish","type":"post","link":"https:\/\/corrientesdetarde.com\/index.php\/economia\/antes-de-que-asuma-milei-el-peso-se-devaluo-un-6-por-ciento-en-el-circuito-minorista\/","title":{"rendered":"Antes de que asuma Milei, el peso se devalu\u00f3 un 6 por ciento en el circuito minorista"},"content":{"rendered":"\n<p>En el Banco Naci\u00f3n, el billete verde super\u00f3 los 400 pesos.<\/p>\n\n\n\n<p>En la \u00faltima rueda de la gesti\u00f3n de Sergio Massa como ministro de Econom\u00eda y de Miguel Pesce como presidente del Banco Central,<strong>&nbsp;el peso se depreci\u00f3 5,9% y termin\u00f3 por encima de los 400 pesos.<\/strong><\/p>\n\n\n\n<p>Se trata del salto m\u00e1s marcado para un d\u00eda desde el 14 de agosto pasado, cuando despu\u00e9s de haber quedado tercero en las PASO Massa aplic\u00f3 una devaluaci\u00f3n del 22%.&nbsp;<strong>Lo curioso es que esta vez el aumento del tipo de cambio no se produjo al comienzo de la rueda, sino que se dio casi sobre el final, con una correcci\u00f3n de 21 pesos en el d\u00eda.<\/strong><\/p>\n\n\n\n<p><strong>Al trascender estos valores, el BCRA dijo que el tipo de cambio oficial mayorista reflejado en la comunicaci\u00f3n A 3500 fue hoy $364,41. \u201cEse es el valor que se oper\u00f3 durante todo el d\u00eda y hasta el cierre del mercado de cambios. No se registr\u00f3 ning\u00fan salto cambiario\u201d, asegur\u00f3 el BCRA.&nbsp;<\/strong><\/p>\n\n\n\n<p><strong>Incluso, dijo que iniciar\u00e1 una \u201cinvestigaci\u00f3n para determinar si se concretaron operaciones fuera de la normativa cambiaria y realizar\u00e1 los sumarios que correspondan\u201d.<\/strong><\/p>\n\n\n\n<p>No obstante,&nbsp;<strong>el d\u00f3lar minorista se dispar\u00f3 a $400,50 en el banco Naci\u00f3n.&nbsp;<\/strong>Este d\u00f3lar existe solo como referencia, ya que los ahorristas solo pueden acceder a la divisa con el recargo del impuesto PAIS, con un precio de $968 en los bancos minoristas.<\/p>\n\n\n\n<p>En la \u00faltima rueda antes del cambio de gobierno, tambi\u00e9n aumentaron los d\u00f3lares alternativos. El blue lleg\u00f3 a tocar los $1.000 a media ma\u00f1ana y a la tarde retrocedi\u00f3 a $ 990.<\/p>\n\n\n\n<p>Por su parte, el MEP, que se negocia en la bolsa porte\u00f1a, subi\u00f3 4,9% a $ 982 y el contado con liqui toc\u00f3 los $ 995, un avance del 6%.&nbsp;<\/p>\n\n\n\n<p>Estos reacomodamientos al alza se dan mientras el mercado est\u00e1 expectante acerca de cu\u00e1l ser\u00e1 el nivel de devaluaci\u00f3n que aplicar\u00e1 el equip\u00f3 de Javier Milei el lunes, en el primer d\u00eda de su gesti\u00f3n.<br>Guillermo Francos, ministro del Interior y vocero del nuevo mandatario, dijo d\u00edas atr\u00e1s que un d\u00f3lar oficial en $650 ser\u00eda \u201caceptable\u201d.&nbsp;<\/p>\n\n\n\n<p>Por esa raz\u00f3n, en el mercado estiman que entre lunes y martes podr\u00eda producirse otro ajuste del tipo de cambio.<\/p>\n\n\n\n<p>Para el analista financiero Christian Buteler, el cepo &#8220;no se levantar\u00e1 el lunes. El valor de los d\u00f3lares depender\u00e1 del programa econ\u00f3mico que presenten, el r\u00e9gimen cambiario, monetario, las restricciones que eliminen y la credibilidad que puedan transmitir&#8221;.<\/p>\n\n\n\n<p>Buteler dijo que las reservas del Banco Central cayeron en US$ 22.579 millones en los cuatro a\u00f1os de gobierno de Alberto Fern\u00e1ndez y Cristina Kirchner.&nbsp;<\/p>\n\n\n\n<p>En el ultimo d\u00eda de la gesti\u00f3n de Miguel Pesce, el Central sali\u00f3 a vender fuerte: se desprendi\u00f3 de US$ 119 millones. En lo que va de diciembre ya tuvo que vender US$ 484 millones. <\/p>\n","protected":false},"excerpt":{"rendered":"<p>En el Banco Naci\u00f3n, el billete verde super\u00f3 los 400 pesos. En la \u00faltima rueda de la gesti\u00f3n de Sergio Massa como ministro de Econom\u00eda y de Miguel Pesce como&hellip; <\/p>\n","protected":false},"author":4,"featured_media":108731,"comment_status":"closed","ping_status":"open","sticky":false,"template":"","format":"standard","meta":{"footnotes":""},"categories":[20],"tags":[],"class_list":["post-108730","post","type-post","status-publish","format-standard","has-post-thumbnail","hentry","category-economia"],"_links":{"self":[{"href":"https:\/\/corrientesdetarde.com\/index.php\/wp-json\/wp\/v2\/posts\/108730","targetHints":{"allow":["GET"]}}],"collection":[{"href":"https:\/\/corrientesdetarde.com\/index.php\/wp-json\/wp\/v2\/posts"}],"about":[{"href":"https:\/\/corrientesdetarde.com\/index.php\/wp-json\/wp\/v2\/types\/post"}],"author":[{"embeddable":true,"href":"https:\/\/corrientesdetarde.com\/index.php\/wp-json\/wp\/v2\/users\/4"}],"replies":[{"embeddable":true,"href":"https:\/\/corrientesdetarde.com\/index.php\/wp-json\/wp\/v2\/comments?post=108730"}],"version-history":[{"count":1,"href":"https:\/\/corrientesdetarde.com\/index.php\/wp-json\/wp\/v2\/posts\/108730\/revisions"}],"predecessor-version":[{"id":108732,"href":"https:\/\/corrientesdetarde.com\/index.php\/wp-json\/wp\/v2\/posts\/108730\/revisions\/108732"}],"wp:featuredmedia":[{"embeddable":true,"href":"https:\/\/corrientesdetarde.com\/index.php\/wp-json\/wp\/v2\/media\/108731"}],"wp:attachment":[{"href":"https:\/\/corrientesdetarde.com\/index.php\/wp-json\/wp\/v2\/media?parent=108730"}],"wp:term":[{"taxonomy":"category","embeddable":true,"href":"https:\/\/corrientesdetarde.com\/index.php\/wp-json\/wp\/v2\/categories?post=108730"},{"taxonomy":"post_tag","embeddable":true,"href":"https:\/\/corrientesdetarde.com\/index.php\/wp-json\/wp\/v2\/tags?post=108730"}],"curies":[{"name":"wp","href":"https:\/\/api.w.org\/{rel}","templated":true}]}}