{"id":108733,"date":"2023-12-07T23:01:15","date_gmt":"2023-12-08T02:01:15","guid":{"rendered":"https:\/\/corrientesdetarde.com\/?p=108733"},"modified":"2023-12-07T23:01:26","modified_gmt":"2023-12-08T02:01:26","slug":"zelenski-vendria-a-la-asuncion-de-javier-milei","status":"publish","type":"post","link":"https:\/\/corrientesdetarde.com\/index.php\/internacionales\/zelenski-vendria-a-la-asuncion-de-javier-milei\/","title":{"rendered":"Zelenski vendr\u00eda a la asunci\u00f3n de Javier Milei"},"content":{"rendered":"\n<p>El presidente ucraniano ser\u00eda uno de los tantos mandatarios internacionales que estar\u00edan en la Casa Rosada el pr\u00f3ximo domingo.<\/p>\n\n\n\n<p>El presidente de Ucrania,\u00a0<strong>Volod\u00edmir Zelenski<\/strong>, asistir\u00eda a la asunci\u00f3n del presidente electo, Javier Milei, el pr\u00f3ximo domingo 10 de diciembre.\u00a0<\/p>\n\n\n\n<p>Por protocolo de seguridad, a\u00fan no se oficializ\u00f3. La visita de\u00a0Zelenski\u00a0sentar\u00eda gr\u00e1ficamente el\u00a0<strong>nuevo alineamiento internacional<\/strong>\u00a0que tendr\u00e1 la Argentina con la nueva administraci\u00f3n.\u00a0<\/p>\n\n\n\n<p>El mandatario ucraniano mantuvo una conversaci\u00f3n con Milei y&nbsp;<strong>Diana Mondino<\/strong>, futura ministra de Relaciones Exteriores, horas despu\u00e9s la victoria del libertario en el balotaje presidencial.&nbsp;<\/p>\n\n\n\n<p>&#8220;Acabo de hablar con el presidente electo de Argentina @JMilei para agradecerle su postura clara&#8221;, expres\u00f3 Zelenski en su cuenta de X.<\/p>\n\n\n\n<p>En esa l\u00ednea, asegur\u00f3: \u201c<strong>No hay equilibrio entre el bien y el mal. Simplemente un claro apoyo a Ucrania. Esto es bien notado y apreciado por los ucranianos<\/strong>\u201d.<\/p>\n\n\n\n<p>A su vez, en el posteo manifest\u00f3 haber invitado \u201cal Presidente electo Milei a visitar\u00a0Ucrania\u00a0y enviar una fuerte se\u00f1al pol\u00edtica\u201d.<\/p>\n\n\n\n<p>En tanto, Zelenski cont\u00f3 que durante la charla intercambiaron ideas respecto del desarrollo de las relaciones entre Ucrania y Argentina, as\u00ed como &#8220;los v\u00ednculos de Ucrania con otros pa\u00edses latinoamericanos&#8221;.<\/p>\n\n\n\n<p>&#8220;Inform\u00e9 al Presidente electo sobre nuestros avances en la implementaci\u00f3n de la F\u00f3rmula de Paz y subray\u00e9 la importancia de la participaci\u00f3n de Argentina en nuestros esfuerzos conjuntos de paz&#8221;, explic\u00f3 el mandatario del pa\u00eds de Europa del Este.&nbsp;<\/p>\n","protected":false},"excerpt":{"rendered":"<p>El presidente ucraniano ser\u00eda uno de los tantos mandatarios internacionales que estar\u00edan en la Casa Rosada el pr\u00f3ximo domingo. El presidente de Ucrania,\u00a0Volod\u00edmir Zelenski, asistir\u00eda a la asunci\u00f3n del presidente&hellip; <\/p>\n","protected":false},"author":4,"featured_media":108734,"comment_status":"closed","ping_status":"open","sticky":false,"template":"","format":"standard","meta":{"footnotes":""},"categories":[11],"tags":[],"class_list":["post-108733","post","type-post","status-publish","format-standard","has-post-thumbnail","hentry","category-internacionales"],"_links":{"self":[{"href":"https:\/\/corrientesdetarde.com\/index.php\/wp-json\/wp\/v2\/posts\/108733","targetHints":{"allow":["GET"]}}],"collection":[{"href":"https:\/\/corrientesdetarde.com\/index.php\/wp-json\/wp\/v2\/posts"}],"about":[{"href":"https:\/\/corrientesdetarde.com\/index.php\/wp-json\/wp\/v2\/types\/post"}],"author":[{"embeddable":true,"href":"https:\/\/corrientesdetarde.com\/index.php\/wp-json\/wp\/v2\/users\/4"}],"replies":[{"embeddable":true,"href":"https:\/\/corrientesdetarde.com\/index.php\/wp-json\/wp\/v2\/comments?post=108733"}],"version-history":[{"count":1,"href":"https:\/\/corrientesdetarde.com\/index.php\/wp-json\/wp\/v2\/posts\/108733\/revisions"}],"predecessor-version":[{"id":108735,"href":"https:\/\/corrientesdetarde.com\/index.php\/wp-json\/wp\/v2\/posts\/108733\/revisions\/108735"}],"wp:featuredmedia":[{"embeddable":true,"href":"https:\/\/corrientesdetarde.com\/index.php\/wp-json\/wp\/v2\/media\/108734"}],"wp:attachment":[{"href":"https:\/\/corrientesdetarde.com\/index.php\/wp-json\/wp\/v2\/media?parent=108733"}],"wp:term":[{"taxonomy":"category","embeddable":true,"href":"https:\/\/corrientesdetarde.com\/index.php\/wp-json\/wp\/v2\/categories?post=108733"},{"taxonomy":"post_tag","embeddable":true,"href":"https:\/\/corrientesdetarde.com\/index.php\/wp-json\/wp\/v2\/tags?post=108733"}],"curies":[{"name":"wp","href":"https:\/\/api.w.org\/{rel}","templated":true}]}}