{"id":108747,"date":"2023-12-08T08:53:04","date_gmt":"2023-12-08T11:53:04","guid":{"rendered":"https:\/\/corrientesdetarde.com\/?p=108747"},"modified":"2023-12-08T08:53:16","modified_gmt":"2023-12-08T11:53:16","slug":"combustibles-shell-aumento-un-15-sus-precios","status":"publish","type":"post","link":"https:\/\/corrientesdetarde.com\/index.php\/economia\/combustibles-shell-aumento-un-15-sus-precios\/","title":{"rendered":"Combustibles: Shell aument\u00f3 un 15% sus precios"},"content":{"rendered":"\n<p>Shell dio el primer paso con un incremento promedio en todo el pa\u00eds del 15 por ciento. Se espera que el resto de las compa\u00f1\u00edas imiten la decisi\u00f3n.<\/p>\n\n\n\n<p>Los precios de los combustibles volvieron a experimentar un nuevo aumento desde las 00 horas del d\u00eda viernes. Shell fue la que dio el primer paso, pero se espera que el resto de las compa\u00f1\u00edas adopte una decisi\u00f3n similar.<\/p>\n\n\n\n<p>En una recorrida del m\u00f3vil de&nbsp;<strong>\u00e9poca<\/strong>&nbsp;se confirm\u00f3 el aumento en las pizarras en las estaciones de servicio Shell que es la \u00fanica que hasta ahora ha subido el precio en dos tramos. El primer tramo se concret\u00f3 ayer cuando el precio del combustible S\u00faper estaba a $410 y alrededor de las 22 horas de ayer se increment\u00f3 a $470. El segundo tramo del aumento se dio esta ma\u00f1ana que pas\u00f3 a $479,90.&nbsp;<\/p>\n\n\n\n<p>A nivel pa\u00eds, la petrolera ajust\u00f3 los valores del gasoil, 17 por ciento; Euro, 13 por ciento; nafta S\u00faper, 19 por ciento y V-power nafta, 14 por ciento.&nbsp;<\/p>\n\n\n\n<p>Con este nuevo incremento, los combustibles acumulan una suba del 35 por ciento desde noviembre, cuando venci\u00f3 el acuerdo de &#8220;Precios Justos&#8221; establecido entre el gobierno y las petroleras.<\/p>\n\n\n\n<figure class=\"wp-block-image\"><img decoding=\"async\" src=\"https:\/\/www.diarioepoca.com\/content\/bucket\/0\/1335440w762h429c.jpg.webp\" alt=\"\"\/><\/figure>\n\n\n\n<p>La actualizaci\u00f3n en los surtidores se da a pocas horas de la asunci\u00f3n presidencial de Javier Milei, quien manifest\u00f3 en reiteradas oportunidades su intenci\u00f3n de que los precios en los surtidores fluct\u00faen libremente seg\u00fan las reglas del mercado.<\/p>\n\n\n\n<p>Al respecto, el secretario de Energ\u00eda entrante, Eduardo Rodr\u00edguez Chirillo, se\u00f1al\u00f3 a este medio que &#8220;se debe apuntar a una fluctuaci\u00f3n libre, sin el control indirecto que hoy ejerce el gobierno en el mercado a trav\u00e9s de YPF. Una vez logrado el equilibrio de precio con la paridad de exportaci\u00f3n, se instrumentar\u00e1 un fondo compensador para morigerar los aumentos y reducciones de precio internacional que impactar\u00eda en el precio dom\u00e9stico, del tipo que existe en Per\u00fa&#8221;.<\/p>\n\n\n\n<p>Remarc\u00f3 que una vez puesta en pr\u00e1ctica esta herramienta, la adecuaci\u00f3n del mercado ser\u00e1 de f\u00e1cil y r\u00e1pida soluci\u00f3n. &#8220;En el mientras tanto, evaluaremos la conveniencia y posibilidad normativa de regular con la carga impositiva&#8221;.<\/p>\n\n\n\n<p>surtidores.com.ar<\/p>\n","protected":false},"excerpt":{"rendered":"<p>Shell dio el primer paso con un incremento promedio en todo el pa\u00eds del 15 por ciento. Se espera que el resto de las compa\u00f1\u00edas imiten la decisi\u00f3n. Los precios&hellip; <\/p>\n","protected":false},"author":3,"featured_media":108748,"comment_status":"closed","ping_status":"open","sticky":false,"template":"","format":"standard","meta":{"footnotes":""},"categories":[20],"tags":[],"class_list":["post-108747","post","type-post","status-publish","format-standard","has-post-thumbnail","hentry","category-economia"],"_links":{"self":[{"href":"https:\/\/corrientesdetarde.com\/index.php\/wp-json\/wp\/v2\/posts\/108747","targetHints":{"allow":["GET"]}}],"collection":[{"href":"https:\/\/corrientesdetarde.com\/index.php\/wp-json\/wp\/v2\/posts"}],"about":[{"href":"https:\/\/corrientesdetarde.com\/index.php\/wp-json\/wp\/v2\/types\/post"}],"author":[{"embeddable":true,"href":"https:\/\/corrientesdetarde.com\/index.php\/wp-json\/wp\/v2\/users\/3"}],"replies":[{"embeddable":true,"href":"https:\/\/corrientesdetarde.com\/index.php\/wp-json\/wp\/v2\/comments?post=108747"}],"version-history":[{"count":1,"href":"https:\/\/corrientesdetarde.com\/index.php\/wp-json\/wp\/v2\/posts\/108747\/revisions"}],"predecessor-version":[{"id":108749,"href":"https:\/\/corrientesdetarde.com\/index.php\/wp-json\/wp\/v2\/posts\/108747\/revisions\/108749"}],"wp:featuredmedia":[{"embeddable":true,"href":"https:\/\/corrientesdetarde.com\/index.php\/wp-json\/wp\/v2\/media\/108748"}],"wp:attachment":[{"href":"https:\/\/corrientesdetarde.com\/index.php\/wp-json\/wp\/v2\/media?parent=108747"}],"wp:term":[{"taxonomy":"category","embeddable":true,"href":"https:\/\/corrientesdetarde.com\/index.php\/wp-json\/wp\/v2\/categories?post=108747"},{"taxonomy":"post_tag","embeddable":true,"href":"https:\/\/corrientesdetarde.com\/index.php\/wp-json\/wp\/v2\/tags?post=108747"}],"curies":[{"name":"wp","href":"https:\/\/api.w.org\/{rel}","templated":true}]}}