{"id":108753,"date":"2023-12-08T08:55:51","date_gmt":"2023-12-08T11:55:51","guid":{"rendered":"https:\/\/corrientesdetarde.com\/?p=108753"},"modified":"2023-12-08T08:55:52","modified_gmt":"2023-12-08T11:55:52","slug":"luto-en-el-chamame-murio-ramon-ayala-el-creador-infinito-de-la-musica-del-litoral","status":"publish","type":"post","link":"https:\/\/corrientesdetarde.com\/index.php\/cultura\/luto-en-el-chamame-murio-ramon-ayala-el-creador-infinito-de-la-musica-del-litoral\/","title":{"rendered":"Luto en el chamam\u00e9: muri\u00f3 Ram\u00f3n Ayala, el creador infinito de la m\u00fasica del litoral"},"content":{"rendered":"\n<p>Falleci\u00f3 anoche a los 96 a\u00f1os en la Ciudad de Buenos Aires.\u00a0<\/p>\n\n\n\n<p>El misionero Ram\u00f3n Ayala, creador original, exuberante y plebeyo, referencia por excelencia de la m\u00fasica litorale\u00f1a y ejemplo de una forma de acercamiento del hecho art\u00edstico inasible para los medios de comunicaci\u00f3n, muri\u00f3&nbsp;este jueves&nbsp;a los 96 a\u00f1os en la Ciudad de Buenos Aires.<\/p>\n\n\n\n<p>Allegados al artista indicaron a T\u00e9lam que Ayala muri\u00f3 en el Sanatorio G\u00fcemes donde se encontraba internado y en delicado estado desde hace poco m\u00e1s de 10 d\u00edas a causa del agravamiento de un cuadro de neumon\u00eda.<\/p>\n\n\n\n<p>Su nombre real era Ram\u00f3n Gumercindo Cidade y sus oficios m\u00faltiples: compositor, int\u00e9rprete, guitarrista, pintor, narrador de historias; todos ejercidos sin detenerse en la barrera de la exageraci\u00f3n. Su acta de nacimiento est\u00e1 fechada el 10 de marzo de 1927, en Garup\u00e1.<\/p>\n\n\n\n<p>M\u00fasico intuitivo y genial, se atribuye ser el creador de un ritmo, el gualambao, y es el compositor de canciones de envidiable belleza, a la vez portadoras de una voz de denuncia social: \u201cEl jangadero\u201d, &#8220;El mens\u00fa&#8221;, &#8220;El cosechero&#8221;, &#8220;Canto al R\u00edo Uruguay&#8221;, entre tantas.<\/p>\n\n\n\n<p>Naci\u00f3 en 1927 en el pueblo de Garup\u00e1, frente al r\u00edo Paran\u00e1, y en la frontera con Paraguay. Fue el mayor de cinco hermanos.<\/p>\n","protected":false},"excerpt":{"rendered":"<p>Falleci\u00f3 anoche a los 96 a\u00f1os en la Ciudad de Buenos Aires.\u00a0 El misionero Ram\u00f3n Ayala, creador original, exuberante y plebeyo, referencia por excelencia de la m\u00fasica litorale\u00f1a y ejemplo&hellip; <\/p>\n","protected":false},"author":3,"featured_media":108754,"comment_status":"closed","ping_status":"open","sticky":false,"template":"","format":"standard","meta":{"footnotes":""},"categories":[15],"tags":[],"class_list":["post-108753","post","type-post","status-publish","format-standard","has-post-thumbnail","hentry","category-cultura"],"_links":{"self":[{"href":"https:\/\/corrientesdetarde.com\/index.php\/wp-json\/wp\/v2\/posts\/108753","targetHints":{"allow":["GET"]}}],"collection":[{"href":"https:\/\/corrientesdetarde.com\/index.php\/wp-json\/wp\/v2\/posts"}],"about":[{"href":"https:\/\/corrientesdetarde.com\/index.php\/wp-json\/wp\/v2\/types\/post"}],"author":[{"embeddable":true,"href":"https:\/\/corrientesdetarde.com\/index.php\/wp-json\/wp\/v2\/users\/3"}],"replies":[{"embeddable":true,"href":"https:\/\/corrientesdetarde.com\/index.php\/wp-json\/wp\/v2\/comments?post=108753"}],"version-history":[{"count":1,"href":"https:\/\/corrientesdetarde.com\/index.php\/wp-json\/wp\/v2\/posts\/108753\/revisions"}],"predecessor-version":[{"id":108755,"href":"https:\/\/corrientesdetarde.com\/index.php\/wp-json\/wp\/v2\/posts\/108753\/revisions\/108755"}],"wp:featuredmedia":[{"embeddable":true,"href":"https:\/\/corrientesdetarde.com\/index.php\/wp-json\/wp\/v2\/media\/108754"}],"wp:attachment":[{"href":"https:\/\/corrientesdetarde.com\/index.php\/wp-json\/wp\/v2\/media?parent=108753"}],"wp:term":[{"taxonomy":"category","embeddable":true,"href":"https:\/\/corrientesdetarde.com\/index.php\/wp-json\/wp\/v2\/categories?post=108753"},{"taxonomy":"post_tag","embeddable":true,"href":"https:\/\/corrientesdetarde.com\/index.php\/wp-json\/wp\/v2\/tags?post=108753"}],"curies":[{"name":"wp","href":"https:\/\/api.w.org\/{rel}","templated":true}]}}