{"id":108759,"date":"2023-12-08T08:58:11","date_gmt":"2023-12-08T11:58:11","guid":{"rendered":"https:\/\/corrientesdetarde.com\/?p=108759"},"modified":"2023-12-08T08:58:24","modified_gmt":"2023-12-08T11:58:24","slug":"otro-guino-de-valdes-a-la-obra-publica","status":"publish","type":"post","link":"https:\/\/corrientesdetarde.com\/index.php\/locales\/otro-guino-de-valdes-a-la-obra-publica\/","title":{"rendered":"Otro gui\u00f1o de Vald\u00e9s a la obra p\u00fablica"},"content":{"rendered":"\n<p>En Itat\u00ed, Vald\u00e9s garantiz\u00f3 el compromiso de llevar adelante obras para &#8220;construir una Argentina pujante&#8221;<\/p>\n\n\n\n<p>Gustavo Vald\u00e9s, gobernador de la provincia, estuvo este jueves en Itat\u00ed para presidir el acto y desfile por el 408\u00b0 aniversario de su fundaci\u00f3n. Frente a la famosa Bas\u00edlica, pidi\u00f3 por el \u00e9xito del nuevo Gobierno nacional para as\u00ed \u201cconstruir una Argentina pujante, con valores, con una moneda fuerte y donde cada trabajador pueda vivir dignamente\u201d. Por otra parte, se comprometi\u00f3 a seguir acompa\u00f1ando a la localidad con obras p\u00fablicas.<\/p>\n\n\n\n<p>El acto tuvo lugar en la plaza \u201cFray Luis de Bola\u00f1os\u201d, donde al cierre desfilaron instituciones educativas, fuerzas de seguridad y dem\u00e1s representantes de la comunidad.<\/p>\n\n\n\n<p>El gobernador comenz\u00f3 su discurso refiri\u00e9ndose a la nueva gesti\u00f3n nacional: \u201cComienza un nuevo periodo en la Argentina, un gobierno en el que los argentinos depositaron, mayoritariamente, su confianza para sacar al pa\u00eds del estancamiento, de la miseria y de las dificultades econ\u00f3micas\u201d.<\/p>\n\n\n\n<p>\u201cHoy, delante de Mar\u00eda de Itat\u00ed, rogamos que al nuevo gobierno le vaya bien, porque as\u00ed les ir\u00e1 bien a todos los correntinos, que formamos parte de esta querida Patria\u201d, pidi\u00f3, agregando que \u201cno alcanza con que la provincia tenga los n\u00fameros ordenados, pague sueldos o realice obra p\u00fablica\u201d, sino que se necesita \u201cconstruir una Argentina pujante, con valores, con una moneda fuerte y donde cada trabajador pueda vivir dignamente\u201d.<\/p>\n\n\n\n<p>Como gobernador de Corrientes, declar\u00f3 que \u201cvoy a acompa\u00f1ar esta transformaci\u00f3n para que a la Argentina le vaya bien\u201d. \u201cVendr\u00e1n tiempos dif\u00edciles, pero espero que luego vengan mejores\u201d, dijo.<\/p>\n\n\n\n<p>P\u00e1rrafo aparte, habl\u00f3 sobre la localidad que hoy cumple a\u00f1os. Felicit\u00f3 al intendente y su equipo y asegur\u00f3 que continuar\u00e1 el respaldo provincial \u201chaciendo obra p\u00fablica con la plata de los correntinos\u201d.<\/p>\n\n\n\n<p>Acto seguido mencion\u00f3 la obra de desag\u00fce pluvial de la calle Alegre \u201cque cost\u00f3 muchos millones, pero era necesaria\u201d. \u201cVamos a seguir acompa\u00f1\u00e1ndolo con m\u00e1s asfalto, a seguir invirtiendo para que la costanera de Itat\u00ed tambi\u00e9n sea un atractivo para todos los que vengan a visitar y a rezar por la Virgen\u201d.<\/p>\n\n\n\n<p>Declar\u00f3 que \u201cno debemos permitir que ning\u00fan correntino m\u00e1s tenga que ir a buscar un destino mejor. Nos tenemos que quedar en nuestra patria chica, en nuestros pueblos\u201d y que para ello los funcionarios deben trabajar duro todos los d\u00edas.<\/p>\n\n\n\n<p>\u201cAs\u00ed que querido Intendente, en estos 408 a\u00f1os de vida de este pueblo emblema que tiene la provincia de Corrientes, nuevamente me quiero poner a disposici\u00f3n como gobernador, desearle suerte y ma\u00f1ana tambi\u00e9n a todos, feliz d\u00eda de la Virgen\u201d, cerr\u00f3 su discurso.<\/p>\n\n\n\n<p>Intendente Francisco Romero<\/p>\n\n\n\n<p>El intendente itate\u00f1o convoc\u00f3 a todos los sectores sociales \u201ca que nos pongamos a trabajar juntos\u201d. \u201cItat\u00ed nos necesita unidos, velando por las necesidades b\u00e1sicas y, por qu\u00e9 no, con autocr\u00edtica desde el lugar que cada uno ocupa\u201d, se explay\u00f3.<\/p>\n\n\n\n<p>Siguiendo lo dicho, se comprometi\u00f3 \u201cp\u00fablicamente y frente a nuestra Madre de Itat\u00ed\u201d a poner \u201ctodo mi esfuerzo, energ\u00eda y entusiasmo\u201d, obrando tambi\u00e9n con la oposici\u00f3n.<\/p>\n\n\n\n<p>\u201cMe quedan solamente palabras de agradecimiento, se\u00f1or gobernador, por el acompa\u00f1amiento de siempre\u201d, cerr\u00f3 dirigi\u00e9ndose a Vald\u00e9s.<\/p>\n\n\n\n<p>En la oportunidad tambi\u00e9n hubo lugar para entregar reconocimientos a personal de salud y establecimientos educativos<\/p>\n\n\n\n<p>Presencias<\/p>\n\n\n\n<p>Se encontraban presentes junto al gobernador Vald\u00e9s y al intendente municipal, Francisco Romero, los ministros de Ciencia y Tecnolog\u00eda, Jorge G\u00f3mez, de Turismo, Alejandra Eliciri y de Industria, Trabajo y Comercio, Mariel Gabur; legisladores nacionales y provinciales; secretarios y subsecretarios provinciales y municipales; la vice intendenta, Gladis Leiva; Concejales; intendentes de localidades vecinas; representantes de las Fuerzas de Seguridad; docentes, alumnos y la comunidad local.<\/p>\n","protected":false},"excerpt":{"rendered":"<p>En Itat\u00ed, Vald\u00e9s garantiz\u00f3 el compromiso de llevar adelante obras para &#8220;construir una Argentina pujante&#8221; Gustavo Vald\u00e9s, gobernador de la provincia, estuvo este jueves en Itat\u00ed para presidir el acto&hellip; <\/p>\n","protected":false},"author":3,"featured_media":108760,"comment_status":"closed","ping_status":"open","sticky":false,"template":"","format":"standard","meta":{"footnotes":""},"categories":[8],"tags":[],"class_list":["post-108759","post","type-post","status-publish","format-standard","has-post-thumbnail","hentry","category-locales"],"_links":{"self":[{"href":"https:\/\/corrientesdetarde.com\/index.php\/wp-json\/wp\/v2\/posts\/108759","targetHints":{"allow":["GET"]}}],"collection":[{"href":"https:\/\/corrientesdetarde.com\/index.php\/wp-json\/wp\/v2\/posts"}],"about":[{"href":"https:\/\/corrientesdetarde.com\/index.php\/wp-json\/wp\/v2\/types\/post"}],"author":[{"embeddable":true,"href":"https:\/\/corrientesdetarde.com\/index.php\/wp-json\/wp\/v2\/users\/3"}],"replies":[{"embeddable":true,"href":"https:\/\/corrientesdetarde.com\/index.php\/wp-json\/wp\/v2\/comments?post=108759"}],"version-history":[{"count":1,"href":"https:\/\/corrientesdetarde.com\/index.php\/wp-json\/wp\/v2\/posts\/108759\/revisions"}],"predecessor-version":[{"id":108761,"href":"https:\/\/corrientesdetarde.com\/index.php\/wp-json\/wp\/v2\/posts\/108759\/revisions\/108761"}],"wp:featuredmedia":[{"embeddable":true,"href":"https:\/\/corrientesdetarde.com\/index.php\/wp-json\/wp\/v2\/media\/108760"}],"wp:attachment":[{"href":"https:\/\/corrientesdetarde.com\/index.php\/wp-json\/wp\/v2\/media?parent=108759"}],"wp:term":[{"taxonomy":"category","embeddable":true,"href":"https:\/\/corrientesdetarde.com\/index.php\/wp-json\/wp\/v2\/categories?post=108759"},{"taxonomy":"post_tag","embeddable":true,"href":"https:\/\/corrientesdetarde.com\/index.php\/wp-json\/wp\/v2\/tags?post=108759"}],"curies":[{"name":"wp","href":"https:\/\/api.w.org\/{rel}","templated":true}]}}