{"id":108762,"date":"2023-12-08T08:59:07","date_gmt":"2023-12-08T11:59:07","guid":{"rendered":"https:\/\/corrientesdetarde.com\/?p=108762"},"modified":"2023-12-08T09:05:11","modified_gmt":"2023-12-08T12:05:11","slug":"conductor-muerto-tras-choque-entre-motos","status":"publish","type":"post","link":"https:\/\/corrientesdetarde.com\/index.php\/policiales\/conductor-muerto-tras-choque-entre-motos\/","title":{"rendered":"Conductor muerto tras choque entre motos"},"content":{"rendered":"\n<p>La colisi\u00f3n fue frontal. Sucedi\u00f3 en la ma\u00f1ana de ayer en zona urbana de la localidad. Un hombre qued\u00f3 hospitalizado en grave estado. Ninguno llevaba casco de seguridad colocado.<\/p>\n\n\n\n<p>Sobre una gran mancha de sangre qued\u00f3 tirado el conductor de una de las motos que colisionaron en calles Independencia y Carlos Pellegrini de la localidad correntina de Santo Tom\u00e9. Ambos ocupantes fueron trasladados al hospital local. Uno de ellos pereci\u00f3 a los pocos minutos de su ingreso; mientras que el segundo conductor qued\u00f3 internado en el \u00e1rea de cuidados intensivos.<\/p>\n\n\n\n<p>Fue poco despu\u00e9s de las 8:30, cuando personal policial de la comisar\u00eda Primera de ese poblado fue alertada de un grave choque entre dos motos en la esquina de Independencia y Pellegrini.<\/p>\n\n\n\n<p>En una Yamaha de 125 cent\u00edmetros c\u00fabicos se desplazaba un hombre, mayor de edad, quien result\u00f3 con importantes da\u00f1os en su cuerpo producto del fuerte impacto.<\/p>\n\n\n\n<p>En el otro rodado involucrado, una Zanella de 125 cilindradas, se desplazaba otro muchacho, tambi\u00e9n mayor de edad, quien tras el choque qued\u00f3 tendido sobre un charco de sangre con traumatismo de cr\u00e1neo severo.<\/p>\n\n\n\n<figure class=\"wp-block-image\"><img decoding=\"async\" src=\"https:\/\/www.diarioepoca.com\/content\/bucket\/6\/1335406w380h351c.jpg.webp\" alt=\"\"\/><figcaption>QUEDARON CHARCOS DE SANGRE EN LA CALZADA.<\/figcaption><\/figure>\n\n\n\n<p>Momento despu\u00e9s de ingresar los conductores al hospital local &#8220;San Juan Bautista&#8221;, uno de ellos falleci\u00f3 a pesar de la atenci\u00f3n m\u00e9dica recibida. Se trat\u00f3 de quien fuera en vida Ricardo O. Ojeda.<\/p>\n\n\n\n<p>Desde la fuerza policial informaron que el segundo conductor se encuentra en terapia intensiva.<\/p>\n\n\n\n<p>&#8220;Ninguno de los involucrados en la colisi\u00f3n llevaba casco de seguridad&#8221;, dijo una fuente oficial quien llam\u00f3 a tomar conciencia de la gravedad del caso.<\/p>\n\n\n\n<p>Corrientes registra en lo que va del a\u00f1o 138 muertes por accidentes viales. En capital son 24 y en el interior provincial asciende a 114.<\/p>\n","protected":false},"excerpt":{"rendered":"<p>La colisi\u00f3n fue frontal. Sucedi\u00f3 en la ma\u00f1ana de ayer en zona urbana de la localidad. Un hombre qued\u00f3 hospitalizado en grave estado. Ninguno llevaba casco de seguridad colocado. Sobre&hellip; <\/p>\n","protected":false},"author":3,"featured_media":108763,"comment_status":"closed","ping_status":"open","sticky":false,"template":"","format":"standard","meta":{"footnotes":""},"categories":[33],"tags":[],"class_list":["post-108762","post","type-post","status-publish","format-standard","has-post-thumbnail","hentry","category-policiales"],"_links":{"self":[{"href":"https:\/\/corrientesdetarde.com\/index.php\/wp-json\/wp\/v2\/posts\/108762","targetHints":{"allow":["GET"]}}],"collection":[{"href":"https:\/\/corrientesdetarde.com\/index.php\/wp-json\/wp\/v2\/posts"}],"about":[{"href":"https:\/\/corrientesdetarde.com\/index.php\/wp-json\/wp\/v2\/types\/post"}],"author":[{"embeddable":true,"href":"https:\/\/corrientesdetarde.com\/index.php\/wp-json\/wp\/v2\/users\/3"}],"replies":[{"embeddable":true,"href":"https:\/\/corrientesdetarde.com\/index.php\/wp-json\/wp\/v2\/comments?post=108762"}],"version-history":[{"count":1,"href":"https:\/\/corrientesdetarde.com\/index.php\/wp-json\/wp\/v2\/posts\/108762\/revisions"}],"predecessor-version":[{"id":108764,"href":"https:\/\/corrientesdetarde.com\/index.php\/wp-json\/wp\/v2\/posts\/108762\/revisions\/108764"}],"wp:featuredmedia":[{"embeddable":true,"href":"https:\/\/corrientesdetarde.com\/index.php\/wp-json\/wp\/v2\/media\/108763"}],"wp:attachment":[{"href":"https:\/\/corrientesdetarde.com\/index.php\/wp-json\/wp\/v2\/media?parent=108762"}],"wp:term":[{"taxonomy":"category","embeddable":true,"href":"https:\/\/corrientesdetarde.com\/index.php\/wp-json\/wp\/v2\/categories?post=108762"},{"taxonomy":"post_tag","embeddable":true,"href":"https:\/\/corrientesdetarde.com\/index.php\/wp-json\/wp\/v2\/tags?post=108762"}],"curies":[{"name":"wp","href":"https:\/\/api.w.org\/{rel}","templated":true}]}}