{"id":108765,"date":"2023-12-08T09:06:02","date_gmt":"2023-12-08T12:06:02","guid":{"rendered":"https:\/\/corrientesdetarde.com\/?p=108765"},"modified":"2023-12-08T09:06:03","modified_gmt":"2023-12-08T12:06:03","slug":"itati-vive-una-jornada-especial-en-el-dia-de-la-inmaculada-concepcion","status":"publish","type":"post","link":"https:\/\/corrientesdetarde.com\/index.php\/sociales\/itati-vive-una-jornada-especial-en-el-dia-de-la-inmaculada-concepcion\/","title":{"rendered":"Itat\u00ed vive una jornada especial en el d\u00eda de la Inmaculada Concepci\u00f3n"},"content":{"rendered":"\n<p>Con el pedido especial del Arzobispado de Corrientes, los fieles evitan llegar a caballo. Pero como cada 8 de diciembre, muchos llegan a la bas\u00edlica en bicicletas. Personas de todas las edades recorrieron varios kil\u00f3metros en bici para cumplir su promesa en este d\u00eda.<\/p>\n\n\n\n<p>Los fieles cat\u00f3licos celebran hoy el d\u00eda de la Inmaculada Concepci\u00f3n de la Virgen Mar\u00eda. En la provincia, la celebraci\u00f3n m\u00e1s importante se vive en la localidad de Itat\u00ed.<\/p>\n\n\n\n<p>De acuerdo al cronograma confeccionado en la Bas\u00edlica, ayer se desarrollaron las actividades de la fundaci\u00f3n de Itat\u00ed.<\/p>\n\n\n\n<p>Se rez\u00f3 por el pueblo de Itat\u00ed en sus 408 a\u00f1os. A las 00, se realiz\u00f3 un repique de campanas. Las misas fueron a las 8:30 y con la presencia de autoridades, a las 11 y las 19.<\/p>\n\n\n\n<p>Para hoy, ser\u00e1 la solemnidad de la inmaculada Concepci\u00f3n. A las 00, se realizar\u00e1 el saludo a la virgen de Itat\u00ed.<\/p>\n\n\n\n<p>Las misas ser\u00e1n a las 6:30, a las 8, a las 9:30, a las 11 \u0096ser\u00e1 encabezada por el obispo auxiliar de Corrientes, Monse\u00f1or Jos\u00e9 Larregain-, a las 17 y a las 19 \u0096misa en la que los ni\u00f1os har\u00e1n su comuni\u00f3n solemne-. A las 20, procesi\u00f3n de antorchas con la imagen peregrina de la Virgen de Itat\u00ed.<\/p>\n\n\n\n<p>Bici peregrinos<\/p>\n\n\n\n<p>Como cada 7 de diciembre, cientos de ciclistas llegan a la localidad de Itat\u00ed para vivir las horas previas al d\u00eda de la virgen.<\/p>\n\n\n\n<p>Otros fieles ganan tiempo y llegan unos d\u00edas antes para venerar a la virgen y participar de los festejos de la solemnidad de la Inmaculada Concepci\u00f3n.<\/p>\n\n\n\n<p>Los ciclo peregrinos son principalmente de la provincia de Misiones que tienen una larga tradici\u00f3n en esta fecha. La mayor\u00eda son de la ciudad de Posadas pero se suman fieles de otros puntos de la tierra colorada como as\u00ed tambi\u00e9n de Ituzaing\u00f3 y otras localidades correntinas de la costa del r\u00edo Paran\u00e1. Adem\u00e1s, ciclistas de Santa Fe y de Formosa engrosan la lista de fieles que llegan un bicicleta.<\/p>\n\n\n\n<figure class=\"wp-block-image\"><img decoding=\"async\" src=\"https:\/\/www.diarioepoca.com\/content\/bucket\/6\/1335386w380h344c.jpg.webp\" alt=\"\"\/><\/figure>\n\n\n\n<h2 class=\"wp-block-heading\">Evitar circular con equinos<\/h2>\n\n\n\n<p>En las v\u00edsperas de los festejos en honor a la inmaculada concepci\u00f3n de la Virgen Mar\u00eda y otras celebraciones patronales, desde el Arzobispado de Corrientes aconsejan a todos los devotos y a los peregrinos que eviten trasladarse a caballos y movilizar los animales a los eventos que se desarrollar\u00e1n en distintas parroquias, ante la emergencia sanitaria por &#8220;encefalomielitis equina&#8221;.<\/p>\n\n\n\n<p>&#8220;Nos hacemos eco de las normativas y recomendaciones establecidas en los \u00faltimos d\u00edas por las autoridades nacionales y provinciales que recomiendan evitar el movimiento de animales&#8221;, expresaron desde el Arzobispado de Corrientes en un comunicado oficial.<\/p>\n\n\n\n<figure class=\"wp-block-image\"><img decoding=\"async\" src=\"https:\/\/www.diarioepoca.com\/content\/bucket\/7\/1335387w380h346c.jpg.webp\" alt=\"\"\/><\/figure>\n\n\n\n<p>&#8220;Estas medidas sanitarias buscan impedir la propagaci\u00f3n de la encefalomielitis, registrada en diversas localidades correntinas. Se trata de un virus que se transmite de aves a mosquitos, equinos y humanos&#8221;, agregaron.<\/p>\n\n\n\n<p>&#8220;Encefalomielitis equina: desde el Gobierno provincial comunicaron las medidas de acci\u00f3n contra la enfermedad tras una reuni\u00f3n de la Mesa de Zoonosis donde participan los ministerios de Producci\u00f3n y de Salud Publica de la provincia, la facultad de Ciencias Veterinarias de la Universidad Nacional del Nordeste (UNNE), el Consejo Veterinario, SENASA y FUCOSA&#8221;, remarcaron desde el Gobierno provincial<\/p>\n\n\n\n<figure class=\"wp-block-image\"><img decoding=\"async\" src=\"https:\/\/www.diarioepoca.com\/content\/bucket\/5\/1335425w380h318c.jpg.webp\" alt=\"\"\/><\/figure>\n\n\n\n<h2 class=\"wp-block-heading\">Municipales rumbo a la Bas\u00edlica de Itat\u00ed<\/h2>\n\n\n\n<p>Como cada 8 de diciembre, trabajadores de la municipalidad de Corrientes caminan desde esta capital a la casa de la Virgen de Itat\u00ed. La particularidad de este a\u00f1o es que muchos empleados recibieron comunicados que reci\u00e9n el mi\u00e9rcoles 6 a las 16, reci\u00e9n quedaban liberados para ir a la peregrinaci\u00f3n. Esto impidi\u00f3 que muchos se sumen al grupo de fieles. Finalmente unos cien agentes de distintas dependencia de la comuna capitalina pudieron caminar hasta la Bas\u00edlica de Itat\u00ed para participar del d\u00eda de la Inmaculada Concepci\u00f3n de Mar\u00eda. &#8220;Estamos caminando con fe y alegr\u00eda. Pese a algunas trabas, Dios nos da fuerza para seguir con esta peregrinaci\u00f3n municipal&#8221;, dijo Graciela de la Direcci\u00f3n de Tr\u00e1nsito a \u00e9poca.<\/p>\n","protected":false},"excerpt":{"rendered":"<p>Con el pedido especial del Arzobispado de Corrientes, los fieles evitan llegar a caballo. Pero como cada 8 de diciembre, muchos llegan a la bas\u00edlica en bicicletas. Personas de todas&hellip; <\/p>\n","protected":false},"author":3,"featured_media":108766,"comment_status":"closed","ping_status":"open","sticky":false,"template":"","format":"standard","meta":{"footnotes":""},"categories":[17],"tags":[],"class_list":["post-108765","post","type-post","status-publish","format-standard","has-post-thumbnail","hentry","category-sociales"],"_links":{"self":[{"href":"https:\/\/corrientesdetarde.com\/index.php\/wp-json\/wp\/v2\/posts\/108765","targetHints":{"allow":["GET"]}}],"collection":[{"href":"https:\/\/corrientesdetarde.com\/index.php\/wp-json\/wp\/v2\/posts"}],"about":[{"href":"https:\/\/corrientesdetarde.com\/index.php\/wp-json\/wp\/v2\/types\/post"}],"author":[{"embeddable":true,"href":"https:\/\/corrientesdetarde.com\/index.php\/wp-json\/wp\/v2\/users\/3"}],"replies":[{"embeddable":true,"href":"https:\/\/corrientesdetarde.com\/index.php\/wp-json\/wp\/v2\/comments?post=108765"}],"version-history":[{"count":1,"href":"https:\/\/corrientesdetarde.com\/index.php\/wp-json\/wp\/v2\/posts\/108765\/revisions"}],"predecessor-version":[{"id":108767,"href":"https:\/\/corrientesdetarde.com\/index.php\/wp-json\/wp\/v2\/posts\/108765\/revisions\/108767"}],"wp:featuredmedia":[{"embeddable":true,"href":"https:\/\/corrientesdetarde.com\/index.php\/wp-json\/wp\/v2\/media\/108766"}],"wp:attachment":[{"href":"https:\/\/corrientesdetarde.com\/index.php\/wp-json\/wp\/v2\/media?parent=108765"}],"wp:term":[{"taxonomy":"category","embeddable":true,"href":"https:\/\/corrientesdetarde.com\/index.php\/wp-json\/wp\/v2\/categories?post=108765"},{"taxonomy":"post_tag","embeddable":true,"href":"https:\/\/corrientesdetarde.com\/index.php\/wp-json\/wp\/v2\/tags?post=108765"}],"curies":[{"name":"wp","href":"https:\/\/api.w.org\/{rel}","templated":true}]}}