{"id":108774,"date":"2023-12-08T09:08:54","date_gmt":"2023-12-08T12:08:54","guid":{"rendered":"https:\/\/corrientesdetarde.com\/?p=108774"},"modified":"2023-12-08T09:09:06","modified_gmt":"2023-12-08T12:09:06","slug":"la-ciudad-tendra-un-fin-de-semana-largo-con-diversas-actividades","status":"publish","type":"post","link":"https:\/\/corrientesdetarde.com\/index.php\/informacion-general\/la-ciudad-tendra-un-fin-de-semana-largo-con-diversas-actividades\/","title":{"rendered":"La ciudad tendr\u00e1 un fin de semana largo con diversas actividades"},"content":{"rendered":"\n<p>Desde hoy y hasta el pr\u00f3ximo domingo, la gente podr\u00e1 disfrutar de eventos con acceso gratuito. Como parte de las alternativas habr\u00e1 feria de artesanos, ciclos de m\u00fasica, gin y gastronom\u00eda y villancicos, adem\u00e1s de la gran final del certamen &#8220;Corrientes baila&#8221;.<\/p>\n\n\n\n<p>La ciudad de Corrientes program\u00f3 nuevamente actividades para este fin de semana largo. Una vez m\u00e1s, familias enteras y visitantes podr\u00e1n acercarse a distintos puntos de la ciudad para participar de talleres y disfrutar de m\u00fasica, baile y eventos al aire libre con bebidas artesanales y gastronom\u00eda t\u00edpica.<\/p>\n\n\n\n<p>Como parte de las alternativas habr\u00e1 feria de artesanos, ciclos de m\u00fasica, gin y gastronom\u00eda y villancicos, adem\u00e1s de la gran final del certamen &#8220;Corrientes baila&#8221;.<\/p>\n\n\n\n<p>Como cada semana, la Feria de Artesanos tendr\u00e1 lugar hoy, de 9 a 22, en la plaza Cabral, en tanto que el s\u00e1bado y domingo se trasladar\u00e1 a la avenida Costanera Sur y calle Heras, en el mismo horario. En el lugar se pueden adquirir objetos totalmente artesanales, hechos por manos correntinas.<\/p>\n\n\n\n<p>Hoy y ma\u00f1ana, desde las 19 a hasta las 3, se desarrollar\u00e1 el evento &#8220;Corrientes Gin&#8221;, en el parque Camba Cu\u00e1 (Chaco y Carlos Pellegrini) con Djs en vivo, cervezas artesanales y exposici\u00f3n de platos gastron\u00f3micos.<\/p>\n\n\n\n<p>Por otra parte, como parte de las actividades de la &#8220;\u00d1ande Navidad Correntina 2023&#8221;, ma\u00f1ana s\u00e1bado se llevar\u00e1 adelante un concierto de villancicos, a partir de las 21, en la iglesia Nuestra Se\u00f1ora de la Merced (25 de Mayo 802). Actuar\u00e1n en la oportunidad: Coral Japurah\u00e9i Guaranime de Corrientes, Lisandro Palomo (solista) acompa\u00f1ado por el ensamble vocal del Instituto Superior de M\u00fasica &#8220;Carmelo H.De Biasi&#8221; y Koru\u00ed Conjunto Coral.<\/p>\n\n\n\n<p>El mismo s\u00e1bado se realizar\u00e1 una jornada deportiva y de sensibilizaci\u00f3n &#8220;Exposici\u00f3n fierrera&#8221;, de 10 a 18, en el Aut\u00f3dromo de la ciudad de Corrientes (Ruta Nacional 12). La entrada ser\u00e1 colaborando con un alimento no perecedero, ropa, calzados, elementos de higiene, para ayudar a los afectados por las inundaciones. La inscripci\u00f3n se podr\u00e1 realizar\u00e1 a trav\u00e9s del siguiente link: bit.ly\/AutomovilismoySolidaridad<\/p>\n\n\n\n<p>A partir de las 19, se realizar\u00e1 el cierre anual de los talleres art\u00edsticos: guitarra, canto, coro, dibujo, pintura, escultura, taekwondo, danzas cl\u00e1sicas, \u00e1rabes, folkl\u00f3ricas, tango, zumba, guaran\u00ed, lengua de se\u00f1as, ingl\u00e9s, portugu\u00e9s y soguer\u00eda de Casa del Bicentenario, Escuela de Artes y Casa Molinas, en la Casa del Bicentenario, ubicado en avenida Laprida y Caracas.<\/p>\n\n\n\n<p>Corrientes baila<\/p>\n\n\n\n<p>Durante los d\u00edas s\u00e1bado 9 y domingo 10, desde las 18, en la rotonda de la plaza Espa\u00f1a (avenida Pujol y Carlos Pellegrini) se desarrollar\u00e1 la gran final de &#8220;Corrientes Baila&#8221;. Academias y m\u00e1s de 100 bailarines independientes de la ciudad participar\u00e1n de la competencia 2023.<\/p>\n\n\n\n<p>Se estar\u00e1 premiando a las mejores propuestas coreogr\u00e1ficas en escena y a los mejores bailarines; d\u00faos y conjuntos en las categor\u00edas: Infantil, Juvenil, Mayor y Adulto. Los mismos tendr\u00e1n la posibilidad de participar en los grandes eventos que organiza la Municipalidad de la ciudad de Corrientes en la siguiente temporada.<\/p>\n\n\n\n<p>Por \u00faltimo, el domingo desde las 20 se podr\u00e1 visitar en el Centro Cultural Adolfo Mors, la muestra de obras realizadas en el marco del concurso Corrientes al lienzo.<\/p>\n\n\n\n<p>Playas<\/p>\n\n\n\n<p>Estar\u00e1n habilitados, de 8 a 20, los balnearios capitalinos de la Costanera Sur. Vale recordar que el horario de servicio de ba\u00f1os p\u00fablicos es: de 8 hasta la medianoche, en Arazaty I; y de 8 a 22, en Arazaty II. Tambi\u00e9n se podr\u00e1 concurrir a las playas de Molina Punta, a la Islas Malvinas I.<\/p>\n","protected":false},"excerpt":{"rendered":"<p>Desde hoy y hasta el pr\u00f3ximo domingo, la gente podr\u00e1 disfrutar de eventos con acceso gratuito. Como parte de las alternativas habr\u00e1 feria de artesanos, ciclos de m\u00fasica, gin y&hellip; <\/p>\n","protected":false},"author":3,"featured_media":108775,"comment_status":"closed","ping_status":"open","sticky":false,"template":"","format":"standard","meta":{"footnotes":""},"categories":[1],"tags":[],"class_list":["post-108774","post","type-post","status-publish","format-standard","has-post-thumbnail","hentry","category-informacion-general"],"_links":{"self":[{"href":"https:\/\/corrientesdetarde.com\/index.php\/wp-json\/wp\/v2\/posts\/108774","targetHints":{"allow":["GET"]}}],"collection":[{"href":"https:\/\/corrientesdetarde.com\/index.php\/wp-json\/wp\/v2\/posts"}],"about":[{"href":"https:\/\/corrientesdetarde.com\/index.php\/wp-json\/wp\/v2\/types\/post"}],"author":[{"embeddable":true,"href":"https:\/\/corrientesdetarde.com\/index.php\/wp-json\/wp\/v2\/users\/3"}],"replies":[{"embeddable":true,"href":"https:\/\/corrientesdetarde.com\/index.php\/wp-json\/wp\/v2\/comments?post=108774"}],"version-history":[{"count":1,"href":"https:\/\/corrientesdetarde.com\/index.php\/wp-json\/wp\/v2\/posts\/108774\/revisions"}],"predecessor-version":[{"id":108776,"href":"https:\/\/corrientesdetarde.com\/index.php\/wp-json\/wp\/v2\/posts\/108774\/revisions\/108776"}],"wp:featuredmedia":[{"embeddable":true,"href":"https:\/\/corrientesdetarde.com\/index.php\/wp-json\/wp\/v2\/media\/108775"}],"wp:attachment":[{"href":"https:\/\/corrientesdetarde.com\/index.php\/wp-json\/wp\/v2\/media?parent=108774"}],"wp:term":[{"taxonomy":"category","embeddable":true,"href":"https:\/\/corrientesdetarde.com\/index.php\/wp-json\/wp\/v2\/categories?post=108774"},{"taxonomy":"post_tag","embeddable":true,"href":"https:\/\/corrientesdetarde.com\/index.php\/wp-json\/wp\/v2\/tags?post=108774"}],"curies":[{"name":"wp","href":"https:\/\/api.w.org\/{rel}","templated":true}]}}