{"id":108777,"date":"2023-12-08T09:09:59","date_gmt":"2023-12-08T12:09:59","guid":{"rendered":"https:\/\/corrientesdetarde.com\/?p=108777"},"modified":"2023-12-08T09:10:00","modified_gmt":"2023-12-08T12:10:00","slug":"bella-vista-una-fiesta-muchos-artistas-y-un-solo-corazon","status":"publish","type":"post","link":"https:\/\/corrientesdetarde.com\/index.php\/cultura\/bella-vista-una-fiesta-muchos-artistas-y-un-solo-corazon\/","title":{"rendered":"Bella Vista: una fiesta, muchos artistas y un solo coraz\u00f3n"},"content":{"rendered":"\n<p>La Fiesta de la Naranja tiene sus ra\u00edces en los \u00faltimos a\u00f1os de la d\u00e9cada de 1970, pero no fue hasta 2002 que obtuvo el reconocimiento como un evento de alcance nacional.<\/p>\n\n\n\n<h2 class=\"wp-block-heading\">Alfredo D\u00edaz Florent\u00edn\/ Colaboraci\u00f3n<\/h2>\n\n\n\n<p>Su primera edici\u00f3n se realiz\u00f3 entre el 14 y 16 de noviembre de 2003, en el complejo polideportivo &#8220;Julio C\u00e9sar Cossani&#8221;. En aquel entonces, la incertidumbre era evidente, ya que hab\u00edan transcurrido m\u00e1s de veinticinco a\u00f1os desde que se celebraba como un acontecimiento provincial, relatan las cr\u00f3nicas.<\/p>\n\n\n\n<p>Ese primer ciclo es recordado por la consagraci\u00f3n de Virginia Gallardo como la primera monarca nacional y por la noche del s\u00e1bado 15, con la participaci\u00f3n de Los Nocheros. Un archivo de este medio se\u00f1alaba que las entradas para esa luna estaban agotadas &#8220;hace meses&#8221;.<\/p>\n\n\n\n<p>A pesar de todo, la organizaci\u00f3n ten\u00eda una visi\u00f3n clara: revivir lo mejor del pasado, pese a la crisis que hab\u00eda afrontado el pa\u00eds, y elevarlo a un nivel superior en forma de festividad. As\u00ed se escribi\u00f3 el primer cap\u00edtulo de la historia contempor\u00e1nea de aquella ciudad del oeste de la provincia de Corrientes.<\/p>\n\n\n\n<h2 class=\"wp-block-heading\">Antecedentes<\/h2>\n\n\n\n<p>Eva Insaurralde, quien vive en la localidad desde los 80, destac\u00f3 que &#8220;actualmente, la organizaci\u00f3n est\u00e1 a cargo del Gobierno municipal, pero que antes se designaba a una persona. En una \u00e9poca, el encargado fue el padre del futbolista Jos\u00e9 Sand&#8221;, quien m\u00e1s tarde se transformar\u00eda en uno de los referentes del Club Atl\u00e9tico Lan\u00fas.<\/p>\n\n\n\n<p>&#8220;Con dicha gesti\u00f3n, actuaron artistas como Teresa Parodi, Horacio Guarany, Argentino Luna y el humorista local, Eugenio \u0091Nito\u0092 Artaza&#8221;, remarc\u00f3. Insaurralde, cuyo esposo integr\u00f3 la Comisi\u00f3n de 1988, detalla que los primeros festivales (provinciales) se efectuaron en la cancha San Mart\u00edn, situada actualmente entre calles Corrientes y Salta. &#8220;Todo se hac\u00eda a pulm\u00f3n&#8221;, indic\u00f3.<\/p>\n\n\n\n<p>Mart\u00edn Esquivel, quien reside en la ciudad de Azogues (Ecuador), cuenta que &#8220;en la d\u00e9cada de 1990, con la convertibilidad, (el festival) contaba con artistas de primer nivel nacional. Comenzaba el jueves y terminaba el domingo&#8221;.<\/p>\n\n\n\n<p>&#8220;Era un punto de encuentro, disfrute y diversi\u00f3n con amigos, con la posibilidad de ver m\u00fasicos que solo estaban por televisi\u00f3n&#8221;, afirm\u00f3 Esquivel.<\/p>\n\n\n\n<figure class=\"wp-block-image\"><img decoding=\"async\" src=\"https:\/\/www.diarioepoca.com\/content\/bucket\/8\/1335378w380h132c.jpg.webp\" alt=\"\"\/><\/figure>\n\n\n\n<h2 class=\"wp-block-heading\">Inicios<\/h2>\n\n\n\n<p>Uno de los primeros que dej\u00f3 huellas en la Fiesta (Nacional) de la Naranja fue, en 2004, el Chaque\u00f1o Palavecino. Un artista que ven\u00eda de romperla con &#8220;La ley y la trampa&#8221; (2000) y con el \u00e1lbum &#8220;La pura verdad&#8221; (2003). Ese mismo a\u00f1o, Los Aut\u00e9nticos Decadentes, una de las bandas que adem\u00e1s vio nacer al Quilmes Rock, hizo estallar a los asistentes en la m\u00e1gica noche del 18 de noviembre.<\/p>\n\n\n\n<p>En 2005, Mario Boffil, un grande de nuestra m\u00fasica, no quiso quedarse fuera, tanto as\u00ed que tambi\u00e9n se presentar\u00eda en ediciones como las de 2006, 2009, 2012 y 2013. En la primera d\u00e9cada, se subieron al escenario int\u00e9rpretes como la cantautora de Arequito, Soledad Pastorutti, Los Alonsitos, Los Continuados (2006), Ramonita Galarza (un monumento femenino de la m\u00fasica argentina), Kapanga, La Nueva Luna (2008) y Gustavo Cordera (2009).<\/p>\n\n\n\n<p>&#8220;La primera vez que tocamos en la fiesta fue hace muchos a\u00f1os. Ya era una de las m\u00e1s importantes de la provincia y del pa\u00eds. Para nosotros fue lo m\u00e1ximo. Siempre tendr\u00e9 los mejores recuerdos de Bella Vista y de su gente&#8221;, afirm\u00f3 Marcelo Roselli, de Los Alonsitos.<\/p>\n\n\n\n<p>&#8220;En la fiesta coronaron como Reina a mi se\u00f1ora Marisol Cortina. Tuvimos una noche inolvidable con la gente. Lo que no sab\u00eda era que con ella \u00edbamos a formar la familia que amo&#8221;, dijo Roselli.<\/p>\n\n\n\n<figure class=\"wp-block-image\"><img decoding=\"async\" src=\"https:\/\/www.diarioepoca.com\/content\/bucket\/9\/1335379w380h171c.jpg.webp\" alt=\"\"\/><\/figure>\n\n\n\n<h2 class=\"wp-block-heading\">Fortalecimiento<\/h2>\n\n\n\n<p>La d\u00e9cada de 2010, inici\u00f3 con nuevos (y no tan nuevos) artistas. En el primer per\u00edodo de esta fase, Bella Vista confirm\u00f3 a Le\u00f3n Gieco, de amplia trayectoria y que ven\u00eda de abrir el espect\u00e1culo de Metallica en el estadio de River Plate, (nuevamente a) Los Alonsitos, Los Pericos y Los Chaques. Un a\u00f1o m\u00e1s tarde, reforzar\u00edan la apuesta con Alejandro Lerner, Abel Pintos y Bersuit Vergarabat, que en ese entonces contaba con Gustavo Cordera como su vocalista.<\/p>\n\n\n\n<p>Luego del \u00e9xito de La Bersuit (en 2012), se tom\u00f3 la decisi\u00f3n de traer otras dos bandas de rock: Babas\u00f3nicos, encabezada por el extravagante Adri\u00e1n D\u00e1rgelos, y La Mancha de Rolando, conocidos por temas como &#8220;Arde la ciudad&#8221;. Sin dejar de lado la notable presencia de artistas como Luciano Pereyra, quien ven\u00eda de superar una operaci\u00f3n de es\u00f3fago (realizada dos a\u00f1os antes), y Karina, una inamovible de la grilla de eventos de la provincia correntina.<\/p>\n\n\n\n<p>En 2013, estuvieron grupos como Las Pelotas, Miranda!, Gustavo Cordera, Iv\u00e1n Noble y Nene Malo. Este \u00faltimo fue convocado por su creciente popularidad, la cual inici\u00f3 \u0096aproximadamente- en 2011. El 16 de noviembre, el grupo de Ale Sergi, en medio de una ovaci\u00f3n, recibi\u00f3 la placa oficial de la fiesta previo a su interpretaci\u00f3n de &#8220;Hola&#8221;.<\/p>\n\n\n\n<p>Seg\u00fan un video de archivo, Sergi brome\u00f3: &#8220;Por la ma\u00f1ana me exprimo naranja y, por la noche, la combino con alg\u00fan trago, por lo que estamos felices que alguien se encargue de cultivarla, ponerla en bolsitas y mandarla a la verduler\u00eda&#8221;.<\/p>\n\n\n\n<figure class=\"wp-block-image\"><img decoding=\"async\" src=\"https:\/\/www.diarioepoca.com\/content\/bucket\/9\/1335429w380h131c.jpg.webp\" alt=\"\"\/><\/figure>\n\n\n\n<p>Un per\u00edodo despu\u00e9s, hubo un replanteamiento en la confecci\u00f3n del listado: el chamam\u00e9 deb\u00eda volver a las primeras planas, seg\u00fan recortes period\u00edsticos. Fue as\u00ed que m\u00fasicos como el &#8220;Bocha&#8221;, Mar\u00eda Ofelia, Juancito G\u00fcenaga y el padre Juli\u00e1n Zini, llegaron a la &#8220;Tierra de la Naranja&#8221; para brindar sus respectivos shows y deslumbrar tanto al p\u00fablico local como a los turistas.<\/p>\n\n\n\n<p>En esa edici\u00f3n tambi\u00e9n estuvo Banda XXI y Los Totora. Estos \u00faltimos ven\u00edan de concretar un \u00e9xito en YouTube y Spotify con &#8220;M\u00e1rchate ahora&#8221;, canci\u00f3n del \u00e1lbum &#8220;Sin mirar atr\u00e1s&#8221;.<\/p>\n\n\n\n<p>Gabriel Casco, conductor de Chamam\u00e9 TV y en consonancia con el referente del canal, Ra\u00fal B\u00e1ez, detalla que &#8220;es importante la inclusi\u00f3n de artistas chamameceros porque, de no hacerlo, el chamam\u00e9 no estar\u00eda en el lugar que merece. Si la provincia de Corrientes no da lugar a sus m\u00fasicos, \u00bfqui\u00e9n lo har\u00e1?&#8221;.<\/p>\n\n\n\n<p>En 2016, y luego de una edici\u00f3n 2015 complicada por el clima, se subieron al escenario Los Aut\u00e9nticos Decadentes y Miguel Mateos, quien es para muchos &#8220;El Jefe del Rock en Espa\u00f1ol&#8221;. Tambi\u00e9n estuvo Daniel Cardozo, exreferente de Los Charros, Ernestito Montiel, el legado del &#8220;Se\u00f1or del Acorde\u00f3n&#8221;, y la &#8220;Diosa&#8221;, Gissella.<\/p>\n\n\n\n<p>En 2017, fue el turno de Amanday\u00e9, un destacado conjunto chamamecero con diecinueve a\u00f1os de trayectoria que estaba en plena transici\u00f3n por los retiros de Hugo y Rodolfo Flores. Con sus partidas, llegaron nuevos aires gracias a la inclusi\u00f3n de Alejandro &#8220;Piri&#8221; Araoz, Agust\u00edn Monz\u00f3n y Juli\u00e1n Sc\u00f3fano. Un a\u00f1o despu\u00e9s, Los Pericos, Los Tipitos y el &#8220;Indio&#8221; Rojas dijeron presente, mientras que en 2019 aconteci\u00f3 el retorno de Los Alonsitos, pero como tr\u00edo y sin Luis Moulin.<\/p>\n\n\n\n<figure class=\"wp-block-image\"><img decoding=\"async\" src=\"https:\/\/www.diarioepoca.com\/content\/bucket\/6\/1335426w380h304c.jpg.webp\" alt=\"\"\/><\/figure>\n\n\n\n<h2 class=\"wp-block-heading\">Crisis y reinvenci\u00f3n<\/h2>\n\n\n\n<p><br>La d\u00e9cada de 2020 no pudo empezar de una peor forma: la pandemia y todo lo que esto signific\u00f3 a nivel humano, cultural y social. Es por esto que, luego de 18 a\u00f1os, la fiesta no se pudo realizar con normalidad. La situaci\u00f3n no se prestaba para la celebraci\u00f3n. Hubo que esperar hasta 2021 para vivir de nuevo la festividad cultural, pero sin artistas nacionales, aunque con una apuesta por lo local y lo regional.<\/p>\n\n\n\n<p>En 2022, con el contexto sanitario m\u00e1s estable, volvi\u00f3 la Fiesta como la conocemos. Los Totora, Kapanga -como en 2008-, &#8220;Coti&#8221; Sorokin, Los Alonsitos, Big Apple (Federico Far\u00edas) y La Beriso aparec\u00edan como las opciones m\u00e1s destacadas.<\/p>\n\n\n\n<p>En aquel momento, la propuesta fue, seg\u00fan las autoridades locales, efectuar una grilla lo m\u00e1s diversa posible para llegar a la juventud. Esto se demuestra en la inclusi\u00f3n de &#8220;El manzana&#8221;, quien inici\u00f3 su transitar en la m\u00fasica dentro de Twitch (plataforma de videos) y que se gan\u00f3 el cari\u00f1o de sus seguidores.<\/p>\n\n\n\n<p>En 2023 ser\u00e1 el turno de Axel, cantautor de temas cl\u00e1sicos como &#8220;Celebra la vida&#8221;, Los Palmeras, recordados por innumerables trabajos y por la final de la Copa Sudamericana de 2019, y Rodrigo Tapari, quien desde 2017 trabaja como solista.<\/p>\n\n\n\n<figure class=\"wp-block-image\"><img decoding=\"async\" src=\"https:\/\/www.diarioepoca.com\/content\/bucket\/7\/1335427w380h306c.jpg.webp\" alt=\"\"\/><\/figure>\n\n\n\n<p>En la previa, en la n\u00f3mina figuraba Sobredosis de Soda, una banda tributo a Soda Stereo, pero por motivos clim\u00e1ticos se reprogram\u00f3 las fechas y esto complic\u00f3 la agenda. Su cantante, Mariano Albergoli, dijo que &#8220;se hizo lo posible para estar el 10&#8221; (una jornada despu\u00e9s de la prevista).<\/p>\n\n\n\n<p>Tampoco se debe obviar de la grilla a &#8220;Bocha&#8221; Sheridan, hoy consagrado como exponente del chamam\u00e9, y a Gente de Ley, que cuenta con m\u00e1s de diez a\u00f1os de trayectoria.<\/p>\n\n\n\n<p>Sheridan declar\u00f3: &#8220;Me siento orgulloso de haber sido convocado para llevar mi m\u00fasica y mi canto a tan importante fiesta. Espero que siga creciendo y que, adem\u00e1s de los distintos g\u00e9neros musicales, se siga llevando a los chamameceros&#8221;.<\/p>\n\n\n\n<figure class=\"wp-block-image\"><img decoding=\"async\" src=\"https:\/\/www.diarioepoca.com\/content\/bucket\/8\/1335428w380h316c.jpg.webp\" alt=\"\"\/><\/figure>\n\n\n\n<p>El tiempo dir\u00e1 esta edici\u00f3n fue (o no) un \u00e9xito. Lo que s\u00ed es seguro es que formar\u00e1 parte de la historia contempor\u00e1nea del espect\u00e1culo por excelencia del pueblo bellavistense. Bienvenidos a la Fiesta Nacional de la Naranja.<\/p>\n","protected":false},"excerpt":{"rendered":"<p>La Fiesta de la Naranja tiene sus ra\u00edces en los \u00faltimos a\u00f1os de la d\u00e9cada de 1970, pero no fue hasta 2002 que obtuvo el reconocimiento como un evento de&hellip; <\/p>\n","protected":false},"author":3,"featured_media":108778,"comment_status":"closed","ping_status":"open","sticky":false,"template":"","format":"standard","meta":{"footnotes":""},"categories":[15],"tags":[],"class_list":["post-108777","post","type-post","status-publish","format-standard","has-post-thumbnail","hentry","category-cultura"],"_links":{"self":[{"href":"https:\/\/corrientesdetarde.com\/index.php\/wp-json\/wp\/v2\/posts\/108777","targetHints":{"allow":["GET"]}}],"collection":[{"href":"https:\/\/corrientesdetarde.com\/index.php\/wp-json\/wp\/v2\/posts"}],"about":[{"href":"https:\/\/corrientesdetarde.com\/index.php\/wp-json\/wp\/v2\/types\/post"}],"author":[{"embeddable":true,"href":"https:\/\/corrientesdetarde.com\/index.php\/wp-json\/wp\/v2\/users\/3"}],"replies":[{"embeddable":true,"href":"https:\/\/corrientesdetarde.com\/index.php\/wp-json\/wp\/v2\/comments?post=108777"}],"version-history":[{"count":1,"href":"https:\/\/corrientesdetarde.com\/index.php\/wp-json\/wp\/v2\/posts\/108777\/revisions"}],"predecessor-version":[{"id":108779,"href":"https:\/\/corrientesdetarde.com\/index.php\/wp-json\/wp\/v2\/posts\/108777\/revisions\/108779"}],"wp:featuredmedia":[{"embeddable":true,"href":"https:\/\/corrientesdetarde.com\/index.php\/wp-json\/wp\/v2\/media\/108778"}],"wp:attachment":[{"href":"https:\/\/corrientesdetarde.com\/index.php\/wp-json\/wp\/v2\/media?parent=108777"}],"wp:term":[{"taxonomy":"category","embeddable":true,"href":"https:\/\/corrientesdetarde.com\/index.php\/wp-json\/wp\/v2\/categories?post=108777"},{"taxonomy":"post_tag","embeddable":true,"href":"https:\/\/corrientesdetarde.com\/index.php\/wp-json\/wp\/v2\/tags?post=108777"}],"curies":[{"name":"wp","href":"https:\/\/api.w.org\/{rel}","templated":true}]}}