{"id":108780,"date":"2023-12-08T09:10:51","date_gmt":"2023-12-08T12:10:51","guid":{"rendered":"https:\/\/corrientesdetarde.com\/?p=108780"},"modified":"2023-12-08T09:10:56","modified_gmt":"2023-12-08T12:10:56","slug":"jair-bolsonaro-llego-a-la-argentina-para-asistir-a-la-asuncion-de-javier-milei","status":"publish","type":"post","link":"https:\/\/corrientesdetarde.com\/index.php\/politica\/jair-bolsonaro-llego-a-la-argentina-para-asistir-a-la-asuncion-de-javier-milei\/","title":{"rendered":"Jair Bolsonaro lleg\u00f3 a la Argentina para asistir a la asunci\u00f3n de Javier Milei"},"content":{"rendered":"\n<p>El ex presidente brasile\u00f1o, af\u00edn a las ideas del libertario, hab\u00eda confirmado su presencia en el pa\u00eds.<\/p>\n\n\n\n<p>El ex presidente de Brasil Jair Bolsonaro arrib\u00f3 este jueves por la noche a la Argentina junto a una comitiva de 30 personas para asistir a la asunci\u00f3n del mandatario electo Javier Milei el pr\u00f3ximo domingo.&nbsp;<\/p>\n\n\n\n<p>El brasile\u00f1o lleg\u00f3 a Aeroparque junto con su hijo y diputado en su pa\u00eds, Eduardo Bolsonaro, quien se mostr\u00f3 junto a Milei en las elecciones generales del 22 de octubre.&nbsp;<\/p>\n\n\n\n<p>Se dispuso un fuerte operativo de seguridad para la llegada de Bolsonaro, que arrib\u00f3 a la Argentina alrededor de las 22.<\/p>\n\n\n\n<p>Bolsonaro fue invitado por Milei, ya que es una de las figuras pol\u00edticas m\u00e1s fuertes en el mundo, y con importancia regional para la Argentina, con quien tiene afinidad en sus ideas.\u00a0<\/p>\n\n\n\n<p>Caso contrario al de Luiz In\u00e1cio Lula da Silva, a quien lo tild\u00f3 de &#8220;corrupto&#8221; y &#8220;comunista&#8221;. De todos modos, invit\u00f3 al actual mandatario brasile\u00f1o, aunque este no asistir\u00e1 a su asunci\u00f3n, sino que enviar\u00e1 a su canciller.<\/p>\n\n\n\n<p>Un d\u00eda despu\u00e9s de resultar electo Jair y Eduardo Bolsonaro se comunicaron v\u00eda Zoom para felicitar a Milei. &#8220;Aceptamos la invitaci\u00f3n de Milei y estaremos en Buenos Aires para su toma de posesi\u00f3n&#8221;, expres\u00f3 el ex mandatario en sus redes sociales.&nbsp;<\/p>\n","protected":false},"excerpt":{"rendered":"<p>El ex presidente brasile\u00f1o, af\u00edn a las ideas del libertario, hab\u00eda confirmado su presencia en el pa\u00eds. El ex presidente de Brasil Jair Bolsonaro arrib\u00f3 este jueves por la noche&hellip; <\/p>\n","protected":false},"author":3,"featured_media":108781,"comment_status":"closed","ping_status":"open","sticky":false,"template":"","format":"standard","meta":{"footnotes":""},"categories":[3],"tags":[],"class_list":["post-108780","post","type-post","status-publish","format-standard","has-post-thumbnail","hentry","category-politica"],"_links":{"self":[{"href":"https:\/\/corrientesdetarde.com\/index.php\/wp-json\/wp\/v2\/posts\/108780","targetHints":{"allow":["GET"]}}],"collection":[{"href":"https:\/\/corrientesdetarde.com\/index.php\/wp-json\/wp\/v2\/posts"}],"about":[{"href":"https:\/\/corrientesdetarde.com\/index.php\/wp-json\/wp\/v2\/types\/post"}],"author":[{"embeddable":true,"href":"https:\/\/corrientesdetarde.com\/index.php\/wp-json\/wp\/v2\/users\/3"}],"replies":[{"embeddable":true,"href":"https:\/\/corrientesdetarde.com\/index.php\/wp-json\/wp\/v2\/comments?post=108780"}],"version-history":[{"count":1,"href":"https:\/\/corrientesdetarde.com\/index.php\/wp-json\/wp\/v2\/posts\/108780\/revisions"}],"predecessor-version":[{"id":108782,"href":"https:\/\/corrientesdetarde.com\/index.php\/wp-json\/wp\/v2\/posts\/108780\/revisions\/108782"}],"wp:featuredmedia":[{"embeddable":true,"href":"https:\/\/corrientesdetarde.com\/index.php\/wp-json\/wp\/v2\/media\/108781"}],"wp:attachment":[{"href":"https:\/\/corrientesdetarde.com\/index.php\/wp-json\/wp\/v2\/media?parent=108780"}],"wp:term":[{"taxonomy":"category","embeddable":true,"href":"https:\/\/corrientesdetarde.com\/index.php\/wp-json\/wp\/v2\/categories?post=108780"},{"taxonomy":"post_tag","embeddable":true,"href":"https:\/\/corrientesdetarde.com\/index.php\/wp-json\/wp\/v2\/tags?post=108780"}],"curies":[{"name":"wp","href":"https:\/\/api.w.org\/{rel}","templated":true}]}}