{"id":108783,"date":"2023-12-08T10:06:09","date_gmt":"2023-12-08T13:06:09","guid":{"rendered":"https:\/\/corrientesdetarde.com\/?p=108783"},"modified":"2023-12-08T10:06:21","modified_gmt":"2023-12-08T13:06:21","slug":"el-correntino-lopez-bicampeon-con-palmeiras-en-brasil","status":"publish","type":"post","link":"https:\/\/corrientesdetarde.com\/index.php\/deportes\/el-correntino-lopez-bicampeon-con-palmeiras-en-brasil\/","title":{"rendered":"El correntino L\u00f3pez, bicampe\u00f3n con Palmeiras en Brasil"},"content":{"rendered":"\n<p>Palmeiras se consagr\u00f3 bicampe\u00f3n de la liga brasile\u00f1a, tambi\u00e9n conocida como Brasileirao.<\/p>\n\n\n\n<p>&nbsp;El &#8220;verdao&#8221; se coron\u00f3 tras igualar con Cruzeiro como visitante por 1 a 1, con tanto de Endrick (21 minutos del primer tiempo) para la visita, y de Nikao (35 del complemento) para el local. El mejor equipo del campeonato sudamericano cont\u00f3 con la participaci\u00f3n del correntino Jos\u00e9 Manuel Alberto L\u00f3pez. El nacido hace 23 a\u00f1os en San Lorenzo (con pasado en Lan\u00fas) anot\u00f3 5 goles en este campeonato, donde intervino en 20 partidos.<\/p>\n\n\n\n<p>De esta manera, Palmeiras obtuvo el 12\u00b0 t\u00edtulo de su historia y es el m\u00e1ximo campe\u00f3n del certamen, seguido por Santos, con 8, en tanto que Endrick, de 17 a\u00f1os, alcanz\u00f3 los 11 goles en la liga y bati\u00f3 el r\u00e9cord de m\u00e1ximo goleador menor de edad que ostentaba Neymar Junior.<\/p>\n\n\n\n<figure class=\"wp-block-image\"><img decoding=\"async\" src=\"https:\/\/www.diarioepoca.com\/content\/bucket\/4\/1335414w380h306c.jpg.webp\" alt=\"\"\/><\/figure>\n\n\n\n<p>Por \u00faltimo, Palmeiras, Gremio, Atl\u00e9tico Mineiro, Flamengo, Botafogo, Bragantino, Fluminense (campe\u00f3n vigente) y San Pablo (campe\u00f3n de la Copa de Brasil), clasificaron a la Copa Libertadores, en tanto que Paranaense, Internacional, Fortaleza, Cuiaba, Corinthians y Cruzeiro hicieron lo propio a la Sudamericana. Descendieron Am\u00e9rica Mineiro, Coritiba, Goi\u00e1s y Santos (el \u00faltimo por primera vez en su historia).<\/p>\n","protected":false},"excerpt":{"rendered":"<p>Palmeiras se consagr\u00f3 bicampe\u00f3n de la liga brasile\u00f1a, tambi\u00e9n conocida como Brasileirao. &nbsp;El &#8220;verdao&#8221; se coron\u00f3 tras igualar con Cruzeiro como visitante por 1 a 1, con tanto de Endrick&hellip; <\/p>\n","protected":false},"author":3,"featured_media":108784,"comment_status":"closed","ping_status":"open","sticky":false,"template":"","format":"standard","meta":{"footnotes":""},"categories":[4],"tags":[],"class_list":["post-108783","post","type-post","status-publish","format-standard","has-post-thumbnail","hentry","category-deportes"],"_links":{"self":[{"href":"https:\/\/corrientesdetarde.com\/index.php\/wp-json\/wp\/v2\/posts\/108783","targetHints":{"allow":["GET"]}}],"collection":[{"href":"https:\/\/corrientesdetarde.com\/index.php\/wp-json\/wp\/v2\/posts"}],"about":[{"href":"https:\/\/corrientesdetarde.com\/index.php\/wp-json\/wp\/v2\/types\/post"}],"author":[{"embeddable":true,"href":"https:\/\/corrientesdetarde.com\/index.php\/wp-json\/wp\/v2\/users\/3"}],"replies":[{"embeddable":true,"href":"https:\/\/corrientesdetarde.com\/index.php\/wp-json\/wp\/v2\/comments?post=108783"}],"version-history":[{"count":1,"href":"https:\/\/corrientesdetarde.com\/index.php\/wp-json\/wp\/v2\/posts\/108783\/revisions"}],"predecessor-version":[{"id":108795,"href":"https:\/\/corrientesdetarde.com\/index.php\/wp-json\/wp\/v2\/posts\/108783\/revisions\/108795"}],"wp:featuredmedia":[{"embeddable":true,"href":"https:\/\/corrientesdetarde.com\/index.php\/wp-json\/wp\/v2\/media\/108784"}],"wp:attachment":[{"href":"https:\/\/corrientesdetarde.com\/index.php\/wp-json\/wp\/v2\/media?parent=108783"}],"wp:term":[{"taxonomy":"category","embeddable":true,"href":"https:\/\/corrientesdetarde.com\/index.php\/wp-json\/wp\/v2\/categories?post=108783"},{"taxonomy":"post_tag","embeddable":true,"href":"https:\/\/corrientesdetarde.com\/index.php\/wp-json\/wp\/v2\/tags?post=108783"}],"curies":[{"name":"wp","href":"https:\/\/api.w.org\/{rel}","templated":true}]}}