{"id":108785,"date":"2023-12-08T10:06:12","date_gmt":"2023-12-08T13:06:12","guid":{"rendered":"https:\/\/corrientesdetarde.com\/?p=108785"},"modified":"2023-12-08T10:06:13","modified_gmt":"2023-12-08T13:06:13","slug":"tras-la-protesta-vecinal-anunciaron-que-hoy-inician-las-obras-de-reparacion-de-la-ruta-94","status":"publish","type":"post","link":"https:\/\/corrientesdetarde.com\/index.php\/informacion-general\/tras-la-protesta-vecinal-anunciaron-que-hoy-inician-las-obras-de-reparacion-de-la-ruta-94\/","title":{"rendered":"Tras la protesta vecinal, anunciaron que hoy inician las obras de reparaci\u00f3n de la Ruta 94"},"content":{"rendered":"\n<p>El 21 de diciembre se habilitar\u00e1 la primera calzada por los trabajos que se realizar\u00e1n en ambas manos, sobre la cabecera del arroyo Itacu\u00e1.\u00a0<\/p>\n\n\n\n<p>Un d\u00eda despu\u00e9s que los vecinos del paraje Atalaya se trasladaron hasta Santo Tom\u00e9 para pedir soluciones sobre la transitabilidad en la Ruta Provincia 94, anunciaron que hoy iniciar\u00e1n los trabajos de reparaci\u00f3n de la losa de aproximaci\u00f3n del puente sobre el arroyo Itacu\u00e1.<\/p>\n\n\n\n<p>Se trata de decisi\u00f3n tomada desde el Gobierno de la Provincia de Corrientes, que dispuso que arranquen los antes posible las obras en el tramo Santo Tom\u00e9-Paraje Atalaya.<\/p>\n\n\n\n<p>El trabajo tiene un plazo de ejecuci\u00f3n de diez d\u00edas h\u00e1biles, para un lado de la calzada, y luego otros diez d\u00edas m\u00e1s para la otra mano, seg\u00fan precisaron fuentes oficiales.&nbsp;<\/p>\n\n\n\n<p>Otra buena noticia es que luego de los primeros diez d\u00edas, se reanudar\u00e1 la circulaci\u00f3n de los veh\u00edculos livianos.<\/p>\n\n\n\n<p>Si todo marcha seg\u00fan el plan trazado, el jueves 21 de diciembre se habilitar\u00eda la primera calzada sobre la Ruta 94.<\/p>\n\n\n\n<p>El camino alternativo para cruzar con veh\u00edculos es el paso conocido como Los Cerrillos, pero los vecinos del paraje Atalaya, afirman que en d\u00edas de lluvia es intransitable.<\/p>\n\n\n\n<p>Otra soluci\u00f3n moment\u00e1nea aportada desde el Municipio &nbsp;de Santo Tom\u00e9 es la disposici\u00f3n de un colectivo que sale de la Plaza Col\u00f3n y va hasta una de las cebeceras del puente Itacu\u00e1, donde se halla cortado.<\/p>\n\n\n\n<p>Los pasajeros cruzan a pie, y del otro lado hacia paraje Atalaya los espera una combi que los lleva hasta su destino.&nbsp;<\/p>\n\n\n\n<p>En tal sentido, el intendente &nbsp;Jos\u00e9 Augusto Suaid en declaraciones a la prensa local estim\u00f3 que el presupuesto realizado por la empresa constructora que avalu\u00f3 los da\u00f1os en el puente Itacu\u00e1 y Pariop\u00e1, ser\u00eda de 27 millones.<\/p>\n\n\n\n<p>Uno de los vecinos del paraje Atalaya, Domingo V\u00edctor Gaudioso plante\u00f3 &nbsp;\u201csoluci\u00f3n a la brevedad posible, porque pasaron ya casi tres semanas\u201d del corte de ruta.<\/p>\n\n\n\n<p>\u201cHemos convocado a esta manifestaci\u00f3n porque la situaci\u00f3n se est\u00e1 dilatando m\u00e1s de la cuenta, notamos una desidia importante por parte de las autoridades, pedimos a los gobernantes que, por favor, nos den prioridad\u201d, sostuvo.<\/p>\n\n\n\n<p>Cabe se\u00f1alar que el puente socav\u00f3 como consecuencia de la crecida extraordinaria del r\u00edo Uruguay.<\/p>\n\n\n\n<p>El intendente de Santo Tom\u00e9 explic\u00f3 adem\u00e1s que \u201cel martes vinieron ingenieros de una empresa constructora que est\u00e1 trabajando con hormig\u00f3n e hicieron un relevamiento de la situaci\u00f3n y analizaron los da\u00f1os que ha ocasionado la creciente del r\u00edo Uruguay, sobre todo, en la losa de aproximaci\u00f3n y en las bases del puente sobre el arroyo Itacu\u00e1\u201d.<\/p>\n\n\n\n<p>A\u00f1adi\u00f3 que \u201cel mi\u00e9rcoles le han pasado el presupuesto a Vialidad Provincial para que este organismo eleve al Gobierno de la provincia para que el gobernador analice su viabilidad\u201d.&nbsp;<\/p>\n\n\n\n<p>En ese paso, en la jornada de ayer, desde el Gobierno de la Provincia autorizaron el inmediato inicio de las obras.<\/p>\n","protected":false},"excerpt":{"rendered":"<p>El 21 de diciembre se habilitar\u00e1 la primera calzada por los trabajos que se realizar\u00e1n en ambas manos, sobre la cabecera del arroyo Itacu\u00e1.\u00a0 Un d\u00eda despu\u00e9s que los vecinos&hellip; <\/p>\n","protected":false},"author":3,"featured_media":108786,"comment_status":"closed","ping_status":"open","sticky":false,"template":"","format":"standard","meta":{"footnotes":""},"categories":[1],"tags":[],"class_list":["post-108785","post","type-post","status-publish","format-standard","has-post-thumbnail","hentry","category-informacion-general"],"_links":{"self":[{"href":"https:\/\/corrientesdetarde.com\/index.php\/wp-json\/wp\/v2\/posts\/108785","targetHints":{"allow":["GET"]}}],"collection":[{"href":"https:\/\/corrientesdetarde.com\/index.php\/wp-json\/wp\/v2\/posts"}],"about":[{"href":"https:\/\/corrientesdetarde.com\/index.php\/wp-json\/wp\/v2\/types\/post"}],"author":[{"embeddable":true,"href":"https:\/\/corrientesdetarde.com\/index.php\/wp-json\/wp\/v2\/users\/3"}],"replies":[{"embeddable":true,"href":"https:\/\/corrientesdetarde.com\/index.php\/wp-json\/wp\/v2\/comments?post=108785"}],"version-history":[{"count":1,"href":"https:\/\/corrientesdetarde.com\/index.php\/wp-json\/wp\/v2\/posts\/108785\/revisions"}],"predecessor-version":[{"id":108796,"href":"https:\/\/corrientesdetarde.com\/index.php\/wp-json\/wp\/v2\/posts\/108785\/revisions\/108796"}],"wp:featuredmedia":[{"embeddable":true,"href":"https:\/\/corrientesdetarde.com\/index.php\/wp-json\/wp\/v2\/media\/108786"}],"wp:attachment":[{"href":"https:\/\/corrientesdetarde.com\/index.php\/wp-json\/wp\/v2\/media?parent=108785"}],"wp:term":[{"taxonomy":"category","embeddable":true,"href":"https:\/\/corrientesdetarde.com\/index.php\/wp-json\/wp\/v2\/categories?post=108785"},{"taxonomy":"post_tag","embeddable":true,"href":"https:\/\/corrientesdetarde.com\/index.php\/wp-json\/wp\/v2\/tags?post=108785"}],"curies":[{"name":"wp","href":"https:\/\/api.w.org\/{rel}","templated":true}]}}