{"id":108787,"date":"2023-12-08T10:06:37","date_gmt":"2023-12-08T13:06:37","guid":{"rendered":"https:\/\/corrientesdetarde.com\/?p=108787"},"modified":"2023-12-08T10:06:38","modified_gmt":"2023-12-08T13:06:38","slug":"ersa-se-retira-de-la-concesion-del-servicio-de-transporte-urbano","status":"publish","type":"post","link":"https:\/\/corrientesdetarde.com\/index.php\/informacion-general\/ersa-se-retira-de-la-concesion-del-servicio-de-transporte-urbano\/","title":{"rendered":"Ersa se retira de la concesi\u00f3n del servicio de transporte urbano"},"content":{"rendered":"\n<p>La empresa dio a conocer sus fundamentos en una solicitada.<\/p>\n\n\n\n<p>La Empresa Romero S.A. (Ersa) dio a conocer hoy que tom\u00f3 la decisi\u00f3n corporativa de retirarse de las trazas concesionadas del servicio de transporte urbano de pasajeros en la ciudad de Corrientes y ofreci\u00f3 como fundamento la brecha entre los costos de la prestaci\u00f3n y las tarifas.<\/p>\n\n\n\n<p>De acuerdo con la informaci\u00f3n brindada a trav\u00e9s de una solicitada, Ersa indica que las condiciones ser\u00e1n aun &#8220;m\u00e1s desfavorables&#8221; en 2024 para la compa\u00f1\u00eda, e involucra en esta situaci\u00f3n a diversos compromisos asumidos por las partes intervinientes en el funcionamiento del sistema.<\/p>\n\n\n\n<p>Con la firma de su presidente, Juan Carlos Romero, la nota corporativa brega por mayores recursos estatales para un servicio de colectivos &#8220;digno, regular, econ\u00f3mico y eficiente&#8221;.<\/p>\n\n\n\n<p>Esta novedosa situaci\u00f3n para el sistema se produce luego de dos medidas de fuerza tomadas por la conducci\u00f3n sindical del personal de las empresas de transporte de pasajeros en la provincia: la primera, de la semana pasada, con seis d\u00edas sin servicios y la segunda, tomada hasta ayer a la tarde, por casi toda una jornada.<\/p>\n\n\n\n<p>El reclamo de los choferes comprend\u00eda el pago de incrementos salariales para los cuales debieron inyectarse a las finanzas del sistema de transporte recursos estatales.<\/p>\n\n\n\n<p>Asimismo, el contexto comprende la discusi\u00f3n en el Concejo Deliberante de un nuevo aumento en la tarifa plana de la ciudad y la reciente aprobaci\u00f3n de la Ley de Presupuesto provincial para 2024 con fondos para subsidiar el funcionamiento de los \u00f3mnibus.<\/p>\n","protected":false},"excerpt":{"rendered":"<p>La empresa dio a conocer sus fundamentos en una solicitada. La Empresa Romero S.A. (Ersa) dio a conocer hoy que tom\u00f3 la decisi\u00f3n corporativa de retirarse de las trazas concesionadas&hellip; <\/p>\n","protected":false},"author":3,"featured_media":108788,"comment_status":"closed","ping_status":"open","sticky":false,"template":"","format":"standard","meta":{"footnotes":""},"categories":[1],"tags":[],"class_list":["post-108787","post","type-post","status-publish","format-standard","has-post-thumbnail","hentry","category-informacion-general"],"_links":{"self":[{"href":"https:\/\/corrientesdetarde.com\/index.php\/wp-json\/wp\/v2\/posts\/108787","targetHints":{"allow":["GET"]}}],"collection":[{"href":"https:\/\/corrientesdetarde.com\/index.php\/wp-json\/wp\/v2\/posts"}],"about":[{"href":"https:\/\/corrientesdetarde.com\/index.php\/wp-json\/wp\/v2\/types\/post"}],"author":[{"embeddable":true,"href":"https:\/\/corrientesdetarde.com\/index.php\/wp-json\/wp\/v2\/users\/3"}],"replies":[{"embeddable":true,"href":"https:\/\/corrientesdetarde.com\/index.php\/wp-json\/wp\/v2\/comments?post=108787"}],"version-history":[{"count":1,"href":"https:\/\/corrientesdetarde.com\/index.php\/wp-json\/wp\/v2\/posts\/108787\/revisions"}],"predecessor-version":[{"id":108797,"href":"https:\/\/corrientesdetarde.com\/index.php\/wp-json\/wp\/v2\/posts\/108787\/revisions\/108797"}],"wp:featuredmedia":[{"embeddable":true,"href":"https:\/\/corrientesdetarde.com\/index.php\/wp-json\/wp\/v2\/media\/108788"}],"wp:attachment":[{"href":"https:\/\/corrientesdetarde.com\/index.php\/wp-json\/wp\/v2\/media?parent=108787"}],"wp:term":[{"taxonomy":"category","embeddable":true,"href":"https:\/\/corrientesdetarde.com\/index.php\/wp-json\/wp\/v2\/categories?post=108787"},{"taxonomy":"post_tag","embeddable":true,"href":"https:\/\/corrientesdetarde.com\/index.php\/wp-json\/wp\/v2\/tags?post=108787"}],"curies":[{"name":"wp","href":"https:\/\/api.w.org\/{rel}","templated":true}]}}