{"id":108789,"date":"2023-12-08T10:06:41","date_gmt":"2023-12-08T13:06:41","guid":{"rendered":"https:\/\/corrientesdetarde.com\/?p=108789"},"modified":"2023-12-08T10:06:42","modified_gmt":"2023-12-08T13:06:42","slug":"amarilla-es-el-nuevo-presidente-del-concejo","status":"publish","type":"post","link":"https:\/\/corrientesdetarde.com\/index.php\/politica\/amarilla-es-el-nuevo-presidente-del-concejo\/","title":{"rendered":"Amarilla es el nuevo presidente del Concejo"},"content":{"rendered":"\n<p>Se yotom\u00f3 juramento a los ediles electos el pasado 11 de junio<\/p>\n\n\n\n<p>El Concejo Deliberante de Corrientes realiz\u00f3 ayer en el recinto de la Legislatura Provincial, la sesi\u00f3n preparatoria, en la cual asumieron los nuevos ediles y se eligi\u00f3 a las autoridades para el per\u00edodo 2024. El concejal Marcos Amarilla es el nuevo presidente del cuerpo.&nbsp;<\/p>\n\n\n\n<p>En este marco de renovaci\u00f3n parcial del cuerpo deliberativo, Esteban Ib\u00e1\u00f1ez, \u00fanico edil en funciones actualmente que preside una comisi\u00f3n (Salud), tuvo a su cargo la conducci\u00f3n del plenario.&nbsp;<\/p>\n\n\n\n<p>Tom\u00f3 juramento a los concejales: Marcos Amarilla, Roc\u00edo B\u00e1ez, Jorge Ben\u00edtez S\u00edvori, Jorge Campos, Lilian Cano, Diego Fern\u00e1ndez, Mercedes Franco Laprovitta (reelecta), Sandra Olivera e Ignacio Rodr\u00edguez Mateos, a quienes se sumar\u00e1 Amelia Artaza (reemplaza a Lisandro Almir\u00f3n y jurar\u00e1 en el per\u00edodo extraordinario).<\/p>\n\n\n\n<p>&nbsp;Jorge Campos mocion\u00f3 para que Amarilla sea el presidente y cont\u00f3 con el acompa\u00f1amiento de los 18 ediles.<\/p>\n\n\n\n<p>&nbsp;Posteriormente, Amarilla ocup\u00f3 su lugar en el estrado.&nbsp;En cuanto a las Vicepresidencias Primera y Segunda, quedaron a cargo de Gabriela Gauna y Cecilia Ojeda Duarte, respectivamente.<\/p>\n\n\n\n<p>&nbsp;Amarilla agradeci\u00f3 a sus pares y dijo &#8220;que espera estar a la altura de las circunstancias\u201d. Destac\u00f3 el acompa\u00f1amiento del vicegobernador Pedro Braillard Poccard, el intendente Eduardo Tassano y el presidente de la C\u00e1mara de Diputados Pedro Cassani, entre otras autoridades.<\/p>\n\n\n\n<p>&#8220;Vamos a llevar adelante una gesti\u00f3n de puertas abiertas a los vecinos de la capital\u201d asever\u00f3 Amarilla.<\/p>\n\n\n\n<p>El flamante presidente del Concejo cuenta con una vasta experiencia en la esfera p\u00fablica, habi\u00e9ndose desempe\u00f1ado en importantes \u00e1reas a nivel provincial y municipal, encarando un nuevo desaf\u00edo en el \u00e1mbito legislativo.<\/p>\n","protected":false},"excerpt":{"rendered":"<p>Se yotom\u00f3 juramento a los ediles electos el pasado 11 de junio El Concejo Deliberante de Corrientes realiz\u00f3 ayer en el recinto de la Legislatura Provincial, la sesi\u00f3n preparatoria, en&hellip; <\/p>\n","protected":false},"author":3,"featured_media":108790,"comment_status":"closed","ping_status":"open","sticky":false,"template":"","format":"standard","meta":{"footnotes":""},"categories":[3],"tags":[],"class_list":["post-108789","post","type-post","status-publish","format-standard","has-post-thumbnail","hentry","category-politica"],"_links":{"self":[{"href":"https:\/\/corrientesdetarde.com\/index.php\/wp-json\/wp\/v2\/posts\/108789","targetHints":{"allow":["GET"]}}],"collection":[{"href":"https:\/\/corrientesdetarde.com\/index.php\/wp-json\/wp\/v2\/posts"}],"about":[{"href":"https:\/\/corrientesdetarde.com\/index.php\/wp-json\/wp\/v2\/types\/post"}],"author":[{"embeddable":true,"href":"https:\/\/corrientesdetarde.com\/index.php\/wp-json\/wp\/v2\/users\/3"}],"replies":[{"embeddable":true,"href":"https:\/\/corrientesdetarde.com\/index.php\/wp-json\/wp\/v2\/comments?post=108789"}],"version-history":[{"count":1,"href":"https:\/\/corrientesdetarde.com\/index.php\/wp-json\/wp\/v2\/posts\/108789\/revisions"}],"predecessor-version":[{"id":108798,"href":"https:\/\/corrientesdetarde.com\/index.php\/wp-json\/wp\/v2\/posts\/108789\/revisions\/108798"}],"wp:featuredmedia":[{"embeddable":true,"href":"https:\/\/corrientesdetarde.com\/index.php\/wp-json\/wp\/v2\/media\/108790"}],"wp:attachment":[{"href":"https:\/\/corrientesdetarde.com\/index.php\/wp-json\/wp\/v2\/media?parent=108789"}],"wp:term":[{"taxonomy":"category","embeddable":true,"href":"https:\/\/corrientesdetarde.com\/index.php\/wp-json\/wp\/v2\/categories?post=108789"},{"taxonomy":"post_tag","embeddable":true,"href":"https:\/\/corrientesdetarde.com\/index.php\/wp-json\/wp\/v2\/tags?post=108789"}],"curies":[{"name":"wp","href":"https:\/\/api.w.org\/{rel}","templated":true}]}}