{"id":108792,"date":"2023-12-08T10:06:57","date_gmt":"2023-12-08T13:06:57","guid":{"rendered":"https:\/\/corrientesdetarde.com\/?p=108792"},"modified":"2023-12-08T10:06:58","modified_gmt":"2023-12-08T13:06:58","slug":"contaminacion-mostraran-los-resultados-de-dos-barrios-intervenidos-por-investigadores","status":"publish","type":"post","link":"https:\/\/corrientesdetarde.com\/index.php\/medio-ambiente\/contaminacion-mostraran-los-resultados-de-dos-barrios-intervenidos-por-investigadores\/","title":{"rendered":"Contaminaci\u00f3n: mostrar\u00e1n los resultados de dos barrios intervenidos por investigadores"},"content":{"rendered":"\n<p>Un equipo universitario y la Red Vecinal Zona Norte realizar\u00e1n un encuentro de presentaci\u00f3n de los resultados y transferencia el&nbsp;martes 12 de diciembre&nbsp;a las 17:30,&nbsp;en la sede de Cruz Roja del barrio Quinta Ferr\u00e9 (calles Esteban Bajac y Zacar\u00edas Sanchez).&nbsp;<\/p>\n\n\n\n<p>Adelantaron que uno de los hallazgos m\u00e1s relevantes de este estudio tiene que ver con las condiciones de contaminaci\u00f3n y afectaci\u00f3n a la salud de las personas que habitan en el entorno del arroyo Santo Domingo.&nbsp;<\/p>\n\n\n\n<p>El trabajo es resultado de un Proyecto de Extensi\u00f3n Universitaria financiado por el Programa \u201cLa Universidad en el medio\u201d (Universidad Nacional del Nordeste &#8211; Secretar\u00eda General de Extensi\u00f3n Universitaria), denominado \u201cDiagn\u00f3stico participativo e integral del entorno del Arroyo Santo Domingo (Barrios Quinta Ferr\u00e9 y Sol de Mayo), en la zona Norte de la ciudad de Corrientes\u201d.<\/p>\n\n\n\n<p>Fue desarrollado entre agosto de 2020 y abril de 2022 por un equipo interdisciplinario e intersectorial conformado por la Red Vecinal Zona Norte e integrantes de la UNNE (arquitectos, bioqu\u00edmicos del Instituto de Medicina Regional UNNE, psic\u00f3logos, abogados, etc.). Se propuso realizar un diagn\u00f3stico para sistematizar informaci\u00f3n dispersa y generar datos hasta entonces inexistentes, con el fin de poner en evidencia las cr\u00edticas condiciones urbano-ambientales del sector y elaborar lineamientos de actuaci\u00f3n que orienten el accionar estatal y de organizaciones del \u00e1rea.<\/p>\n\n\n\n<p>Los autores del informe son: Rus, Mar\u00eda Florencia; Olmedo, Mar\u00eda del Rosario; Galvaliz, Sebasti\u00e1n Alfredo; Cerno, Leandro Augusto; Olmedo, Luc\u00eda; Pelli, Mar\u00eda Bernabela; Cazorla, Mar\u00eda Victoria; D\u00edaz, Melisa; Romero Machuca, Mat\u00edas Pedro; Ledesma, Ezequiel; Noguera, Edgar; Merino, Luis Antonio; Polimeni, Roberto; Echeverr\u00eda, Gabriel; L\u00f6sch Liliana Silvina; Alvarez, Fabrizio.&nbsp;<\/p>\n","protected":false},"excerpt":{"rendered":"<p>Un equipo universitario y la Red Vecinal Zona Norte realizar\u00e1n un encuentro de presentaci\u00f3n de los resultados y transferencia el&nbsp;martes 12 de diciembre&nbsp;a las 17:30,&nbsp;en la sede de Cruz Roja&hellip; <\/p>\n","protected":false},"author":3,"featured_media":108794,"comment_status":"closed","ping_status":"open","sticky":false,"template":"","format":"standard","meta":{"footnotes":""},"categories":[6],"tags":[],"class_list":["post-108792","post","type-post","status-publish","format-standard","has-post-thumbnail","hentry","category-medio-ambiente"],"_links":{"self":[{"href":"https:\/\/corrientesdetarde.com\/index.php\/wp-json\/wp\/v2\/posts\/108792","targetHints":{"allow":["GET"]}}],"collection":[{"href":"https:\/\/corrientesdetarde.com\/index.php\/wp-json\/wp\/v2\/posts"}],"about":[{"href":"https:\/\/corrientesdetarde.com\/index.php\/wp-json\/wp\/v2\/types\/post"}],"author":[{"embeddable":true,"href":"https:\/\/corrientesdetarde.com\/index.php\/wp-json\/wp\/v2\/users\/3"}],"replies":[{"embeddable":true,"href":"https:\/\/corrientesdetarde.com\/index.php\/wp-json\/wp\/v2\/comments?post=108792"}],"version-history":[{"count":1,"href":"https:\/\/corrientesdetarde.com\/index.php\/wp-json\/wp\/v2\/posts\/108792\/revisions"}],"predecessor-version":[{"id":108800,"href":"https:\/\/corrientesdetarde.com\/index.php\/wp-json\/wp\/v2\/posts\/108792\/revisions\/108800"}],"wp:featuredmedia":[{"embeddable":true,"href":"https:\/\/corrientesdetarde.com\/index.php\/wp-json\/wp\/v2\/media\/108794"}],"wp:attachment":[{"href":"https:\/\/corrientesdetarde.com\/index.php\/wp-json\/wp\/v2\/media?parent=108792"}],"wp:term":[{"taxonomy":"category","embeddable":true,"href":"https:\/\/corrientesdetarde.com\/index.php\/wp-json\/wp\/v2\/categories?post=108792"},{"taxonomy":"post_tag","embeddable":true,"href":"https:\/\/corrientesdetarde.com\/index.php\/wp-json\/wp\/v2\/tags?post=108792"}],"curies":[{"name":"wp","href":"https:\/\/api.w.org\/{rel}","templated":true}]}}