{"id":108801,"date":"2023-12-08T11:05:03","date_gmt":"2023-12-08T14:05:03","guid":{"rendered":"https:\/\/corrientesdetarde.com\/?p=108801"},"modified":"2023-12-08T11:05:15","modified_gmt":"2023-12-08T14:05:15","slug":"el-banco-mundial-ofrecio-asistencia-financiera-para-contener-la-situacion-social-de-la-argentina","status":"publish","type":"post","link":"https:\/\/corrientesdetarde.com\/index.php\/economia\/el-banco-mundial-ofrecio-asistencia-financiera-para-contener-la-situacion-social-de-la-argentina\/","title":{"rendered":"El Banco Mundial ofreci\u00f3 asistencia financiera para contener la situaci\u00f3n social de la Argentina"},"content":{"rendered":"\n<p>El organismo destac\u00f3 que el presidente electo Javier Milei tiene un &#8220;diagn\u00f3stico acertado&#8221; sobre la situaci\u00f3n del pa\u00eds.<\/p>\n\n\n\n<p>El Banco Mundial destac\u00f3 que el presidente electo Javier Milei tiene un &#8220;diagn\u00f3stico acertado&#8221; sobre la situaci\u00f3n de la Argentina y asegur\u00f3 que esa entidad est\u00e1 &#8220;a disposici\u00f3n para ayudar a la poblaci\u00f3n pobre&#8221;.&nbsp;<\/p>\n\n\n\n<p>El vicepresidente de ese organismo para Am\u00e9rica Latina, Felipe Jaramillo, destac\u00f3 el encuentro que mantuvo con el designado ministro de Econom\u00eda Luis Caputo y otros funcionarios del Gobierno entrante.<\/p>\n\n\n\n<p>&#8220;Vemos que tienen un diagn\u00f3stico acertado, con el que coincidimos: hay que atacar en primera instancia el problema fiscal, que es la causa de la inflaci\u00f3n&#8221;, sostuvo el directivo, en una conferencia de prensa que brind\u00f3 en Buenos Aires.&nbsp;<\/p>\n\n\n\n<p>En ese sentido, subray\u00f3 que los nuevos funcionarios est\u00e1n &#8220;muy conscientes de los enormes desequilibrios y la importancia de actuar para buscar maneras de resolverlos y, sobre todo, de resolver todas las distorsiones que se han generado&#8221;.&nbsp;<\/p>\n\n\n\n<p>Jaramillo destac\u00f3 que el di\u00e1logo con los nuevos integrantes del equipo econ\u00f3mico &#8220;ha sido positivo&#8221;, y admiti\u00f3 que la principal preocupaci\u00f3n que tiene el Banco Mundial sobre la Argentina es el bajo crecimiento econ\u00f3mico de los \u00faltimos a\u00f1os. &#8220;La econom\u00eda argentina creci\u00f3 en promedio anual 0,2%. En Am\u00e9rica Latina el promedio ha crecido a 1,3%. Es una diferencia significativa&#8221;, enfatiz\u00f3.<\/p>\n\n\n\n<p>Y a\u00f1adi\u00f3: &#8220;Argentina viene creciendo muy por debajo de las expectativas, muy por debajo de su potencia. Y para nosotros eso es importante, porque al final el crecimiento econ\u00f3mico es lo que determina en gran parte la capacidad de un pa\u00eds para eliminar la pobreza, para ofrecer empleos, calidad de vida, entre otras cosas&#8221;.<\/p>\n\n\n\n<p>&#8220;Es una econom\u00eda que ha estado acostumbrada a vivir con enormes d\u00e9ficits fiscales que generan sus problemas, sobre todo por ser tan permanentes y tan resistentes en el tiempo. Por el otro lado, ha tenido una expansi\u00f3n tremenda en el gasto p\u00fablico y que ha generado toda una serie de problemas a la econom\u00eda, sobre todo por la necesidad de financiar un gasto que creci\u00f3 tan r\u00e1pidamente&#8221;, evalu\u00f3.<\/p>\n\n\n\n<p>Por su parte, Marianne Fay, directora del Banco Mundial para Argentina, Paraguay y Uruguay, dijo que el organismo est\u00e1 &#8220;a disposici\u00f3n para ver c\u00f3mo podemos ayudar especialmente a la poblaci\u00f3n pobre o la poblaci\u00f3n que va a sufrir una sanci\u00f3n, que va a quedarse sin respuesta. Ayudar al Gobierno a proteger a esas personas y asegurar que no haya da\u00f1os&#8221;.&nbsp;<\/p>\n\n\n\n<p>El banco tiene una cartera activa de pr\u00e9stamos por US$ 8.600 millones en el pa\u00eds, de los cuales restan por desembolsar US$ 4.500 millones que ingresar\u00edan en 2024.<\/p>\n","protected":false},"excerpt":{"rendered":"<p>El organismo destac\u00f3 que el presidente electo Javier Milei tiene un &#8220;diagn\u00f3stico acertado&#8221; sobre la situaci\u00f3n del pa\u00eds. El Banco Mundial destac\u00f3 que el presidente electo Javier Milei tiene un&hellip; <\/p>\n","protected":false},"author":3,"featured_media":108802,"comment_status":"closed","ping_status":"open","sticky":false,"template":"","format":"standard","meta":{"footnotes":""},"categories":[20],"tags":[],"class_list":["post-108801","post","type-post","status-publish","format-standard","has-post-thumbnail","hentry","category-economia"],"_links":{"self":[{"href":"https:\/\/corrientesdetarde.com\/index.php\/wp-json\/wp\/v2\/posts\/108801","targetHints":{"allow":["GET"]}}],"collection":[{"href":"https:\/\/corrientesdetarde.com\/index.php\/wp-json\/wp\/v2\/posts"}],"about":[{"href":"https:\/\/corrientesdetarde.com\/index.php\/wp-json\/wp\/v2\/types\/post"}],"author":[{"embeddable":true,"href":"https:\/\/corrientesdetarde.com\/index.php\/wp-json\/wp\/v2\/users\/3"}],"replies":[{"embeddable":true,"href":"https:\/\/corrientesdetarde.com\/index.php\/wp-json\/wp\/v2\/comments?post=108801"}],"version-history":[{"count":1,"href":"https:\/\/corrientesdetarde.com\/index.php\/wp-json\/wp\/v2\/posts\/108801\/revisions"}],"predecessor-version":[{"id":108803,"href":"https:\/\/corrientesdetarde.com\/index.php\/wp-json\/wp\/v2\/posts\/108801\/revisions\/108803"}],"wp:featuredmedia":[{"embeddable":true,"href":"https:\/\/corrientesdetarde.com\/index.php\/wp-json\/wp\/v2\/media\/108802"}],"wp:attachment":[{"href":"https:\/\/corrientesdetarde.com\/index.php\/wp-json\/wp\/v2\/media?parent=108801"}],"wp:term":[{"taxonomy":"category","embeddable":true,"href":"https:\/\/corrientesdetarde.com\/index.php\/wp-json\/wp\/v2\/categories?post=108801"},{"taxonomy":"post_tag","embeddable":true,"href":"https:\/\/corrientesdetarde.com\/index.php\/wp-json\/wp\/v2\/tags?post=108801"}],"curies":[{"name":"wp","href":"https:\/\/api.w.org\/{rel}","templated":true}]}}