{"id":108830,"date":"2023-12-08T18:22:34","date_gmt":"2023-12-08T21:22:34","guid":{"rendered":"https:\/\/corrientesdetarde.com\/?p=108830"},"modified":"2023-12-08T18:23:10","modified_gmt":"2023-12-08T21:23:10","slug":"alberto-fernandez-se-despidio-por-cadena-nacional","status":"publish","type":"post","link":"https:\/\/corrientesdetarde.com\/index.php\/politica\/alberto-fernandez-se-despidio-por-cadena-nacional\/","title":{"rendered":"ALBERTO FERNANDEZ SE DESPIDIO POR CADENA NACIONAL"},"content":{"rendered":"\n<p>(Corresponsal\u00eda Buenos Aires) &#8211; El Presidente saliente utiliz\u00f3 al cadena nacional para enviar su mensaje de despedida de su gobierno y justific\u00f3 &#8220;los errores&#8221; cometidos por la dueda adquirida por su antecesor, la pandemia y la sequ\u00eda. Convoc\u00f3 a &#8220;contruir en las diferencias y fortalecer las coincidencias entre los argentinos&#8221;.<\/p>\n\n\n\n<figure class=\"wp-block-embed is-type-video is-provider-youtube wp-block-embed-youtube wp-embed-aspect-16-9 wp-has-aspect-ratio\"><div class=\"wp-block-embed__wrapper\">\n<iframe loading=\"lazy\" title=\"CADENA NACIONAL - Mensaje del presidente Alberto Fern\u00e1ndez.\" width=\"1110\" height=\"624\" src=\"https:\/\/www.youtube.com\/embed\/GLGEg5h1mRs?feature=oembed\" frameborder=\"0\" allow=\"accelerometer; autoplay; clipboard-write; encrypted-media; gyroscope; picture-in-picture; web-share\" allowfullscreen><\/iframe>\n<\/div><\/figure>\n\n\n\n<p>A horas del traspaso de mando, Alberto Fern\u00e1ndez brind\u00f3 este viernes su \u00faltimo discurso como presidente. Lo hizo a trav\u00e9s de cadena nacional, en la cual realiz\u00f3 un balance de su gesti\u00f3n, hizo algunas autocr\u00edticas y defendi\u00f3 la herencia que deja su gobierno con una recomendaci\u00f3n a su sucesor. \u201cNo es razonable pensar en un ajuste\u201d, dijo deslizando un pedido a Javier Milei, quien asumir\u00e1 el pr\u00f3ximo domingo.<\/p>\n\n\n\n<p>C\u00f3mo ser\u00eda el cronograma para la asunci\u00f3n de Javier Milei del pr\u00f3ximo domingo 10 de diciembre<br>El mensaje dur\u00f3 media hora, se grab\u00f3 a las 11 de la ma\u00f1ana y, seg\u00fan pudo saber Infobae, fue escrito por el propio mandatario con ayuda de Gabriela Cerruti, Julio Vitobello y Juan Manuel Olmos. Cuando este concluy\u00f3, el jefe de Estado saliente se emocion\u00f3 y provoc\u00f3 el aplauso al un\u00edsono de todos los trabajadores que se encontraban en la sala.<\/p>\n\n\n\n<p>En el video, Fern\u00e1ndez detall\u00f3 la situaci\u00f3n econ\u00f3mica del pa\u00eds que le dejar\u00e1 el l\u00edder libertario, que fue electo el pasado 19 de noviembre en el balotaje y quien tomar\u00e1 el mando a partir de la semana pr\u00f3xima. \u201cEl a\u00f1o entrante ingresar\u00e1n, producto de nuestras exportaciones agr\u00edcolas y ganaderas, de nuestras exportaciones de gas y de litio, alrededor de 35.000 millones de d\u00f3lares. Adem\u00e1s, gracias al gasoducto que construimos, dejaremos de gastar 5.000 millones de d\u00f3lares para importar gas licuado. De aqu\u00ed hasta el 2030 las estimaciones marcan que las exportaciones sumadas de bienes y servicios crecer\u00e1n el 80%\u201d, dijo al inicio.<\/p>\n\n\n\n<p>Fue entonces cuando le solicit\u00f3 a Javier Milei no realizar los ajustes que \u00e9l mismo adelant\u00f3 durante su campa\u00f1a electoral: \u201cCon semejante escenario no es razonable pensar en un ajuste que detenga nuestra producci\u00f3n y restrinja el empleo y el consumo que tanto nos ha costado recuperar. Debemos cuidar que bajo el argumento de querer resolver el problema fiscal, no se vulneren los derechos de los que trabajan ni se frustren las aspiraciones de los que invierten y producen\u201d, advirti\u00f3 Fern\u00e1ndez.<\/p>\n","protected":false},"excerpt":{"rendered":"<p>(Corresponsal\u00eda Buenos Aires) &#8211; El Presidente saliente utiliz\u00f3 al cadena nacional para enviar su mensaje de despedida de su gobierno y justific\u00f3 &#8220;los errores&#8221; cometidos por la dueda adquirida por&hellip; <\/p>\n","protected":false},"author":11,"featured_media":108831,"comment_status":"closed","ping_status":"open","sticky":false,"template":"","format":"standard","meta":{"footnotes":""},"categories":[26,3],"tags":[66,1319],"class_list":["post-108830","post","type-post","status-publish","format-standard","has-post-thumbnail","hentry","category-destacados","category-politica","tag-alberto","tag-cadena"],"_links":{"self":[{"href":"https:\/\/corrientesdetarde.com\/index.php\/wp-json\/wp\/v2\/posts\/108830","targetHints":{"allow":["GET"]}}],"collection":[{"href":"https:\/\/corrientesdetarde.com\/index.php\/wp-json\/wp\/v2\/posts"}],"about":[{"href":"https:\/\/corrientesdetarde.com\/index.php\/wp-json\/wp\/v2\/types\/post"}],"author":[{"embeddable":true,"href":"https:\/\/corrientesdetarde.com\/index.php\/wp-json\/wp\/v2\/users\/11"}],"replies":[{"embeddable":true,"href":"https:\/\/corrientesdetarde.com\/index.php\/wp-json\/wp\/v2\/comments?post=108830"}],"version-history":[{"count":2,"href":"https:\/\/corrientesdetarde.com\/index.php\/wp-json\/wp\/v2\/posts\/108830\/revisions"}],"predecessor-version":[{"id":108834,"href":"https:\/\/corrientesdetarde.com\/index.php\/wp-json\/wp\/v2\/posts\/108830\/revisions\/108834"}],"wp:featuredmedia":[{"embeddable":true,"href":"https:\/\/corrientesdetarde.com\/index.php\/wp-json\/wp\/v2\/media\/108831"}],"wp:attachment":[{"href":"https:\/\/corrientesdetarde.com\/index.php\/wp-json\/wp\/v2\/media?parent=108830"}],"wp:term":[{"taxonomy":"category","embeddable":true,"href":"https:\/\/corrientesdetarde.com\/index.php\/wp-json\/wp\/v2\/categories?post=108830"},{"taxonomy":"post_tag","embeddable":true,"href":"https:\/\/corrientesdetarde.com\/index.php\/wp-json\/wp\/v2\/tags?post=108830"}],"curies":[{"name":"wp","href":"https:\/\/api.w.org\/{rel}","templated":true}]}}