{"id":108837,"date":"2023-12-08T19:06:36","date_gmt":"2023-12-08T22:06:36","guid":{"rendered":"https:\/\/corrientesdetarde.com\/?p=108837"},"modified":"2023-12-08T19:06:40","modified_gmt":"2023-12-08T22:06:40","slug":"desde-el-martes-12-se-pagara-el-plus-a-municipales-en-corrientes","status":"publish","type":"post","link":"https:\/\/corrientesdetarde.com\/index.php\/locales\/desde-el-martes-12-se-pagara-el-plus-a-municipales-en-corrientes\/","title":{"rendered":"Desde el martes 12 se pagar\u00e1 el plus a municipales en Corrientes."},"content":{"rendered":"\n<h2 class=\"wp-block-heading\">El intendente de Corrientes, Eduardo Tassano, confirm\u00f3 en su cuenta de la red social X que el pago comenzar\u00e1 el martes 12 con el pago a personal de planta y contrato y el primer tramo de los Neike.<\/h2>\n\n\n\n<p><strong>CON AUMENTO: pago del plus de diciembre para trabajadores de la Municipalidad de Corrientes:<\/strong><\/p>\n\n\n\n<p><strong>Personal de planta y contrato:<\/strong><\/p>\n\n\n\n<p><strong>&nbsp;\u2022 Martes 12<\/strong><\/p>\n\n\n\n<p><strong>Los Neike bancarizados tambi\u00e9n tendr\u00e1n depositados sus pluses el martes 12; y los no bancarizados, cobrar\u00e1n en la Caja Municipal -Brasil 1269- de 7.30 a 12.30 y de 16 a 20.30, seg\u00fan el DNI:<\/strong><\/p>\n\n\n\n<p><strong>\u2022 Martes 12: 0, 1 y 2\u00a0<br>\u2022 Mi\u00e9rcoles 13: 3, 4, 5 y 6\u00a0<br>\u2022 Jueves 14: 7, 8 y 9<\/strong><\/p>\n\n\n\n<figure class=\"wp-block-embed is-type-rich is-provider-twitter wp-block-embed-twitter\"><div class=\"wp-block-embed__wrapper\">\n<blockquote class=\"twitter-tweet\" data-width=\"550\" data-dnt=\"true\"><p lang=\"es\" dir=\"ltr\">\u00a1Buen d\u00eda! Les informo el pago del plus de diciembre para trabajadores de la <a href=\"https:\/\/twitter.com\/municorrientes?ref_src=twsrc%5Etfw\">@municorrientes<\/a>: <br><br>Personal de planta y contrato:<br> \u2022 Martes 12<\/p>&mdash; Eduardo Tassano (@tassanoeduardo) <a href=\"https:\/\/twitter.com\/tassanoeduardo\/status\/1733120755406123149?ref_src=twsrc%5Etfw\">December 8, 2023<\/a><\/blockquote><script async src=\"https:\/\/platform.twitter.com\/widgets.js\" charset=\"utf-8\"><\/script>\n<\/div><\/figure>\n","protected":false},"excerpt":{"rendered":"<p>El intendente de Corrientes, Eduardo Tassano, confirm\u00f3 en su cuenta de la red social X que el pago comenzar\u00e1 el martes 12 con el pago a personal de planta y&hellip; <\/p>\n","protected":false},"author":6,"featured_media":108841,"comment_status":"closed","ping_status":"open","sticky":false,"template":"","format":"standard","meta":{"footnotes":""},"categories":[8],"tags":[],"class_list":["post-108837","post","type-post","status-publish","format-standard","has-post-thumbnail","hentry","category-locales"],"_links":{"self":[{"href":"https:\/\/corrientesdetarde.com\/index.php\/wp-json\/wp\/v2\/posts\/108837","targetHints":{"allow":["GET"]}}],"collection":[{"href":"https:\/\/corrientesdetarde.com\/index.php\/wp-json\/wp\/v2\/posts"}],"about":[{"href":"https:\/\/corrientesdetarde.com\/index.php\/wp-json\/wp\/v2\/types\/post"}],"author":[{"embeddable":true,"href":"https:\/\/corrientesdetarde.com\/index.php\/wp-json\/wp\/v2\/users\/6"}],"replies":[{"embeddable":true,"href":"https:\/\/corrientesdetarde.com\/index.php\/wp-json\/wp\/v2\/comments?post=108837"}],"version-history":[{"count":1,"href":"https:\/\/corrientesdetarde.com\/index.php\/wp-json\/wp\/v2\/posts\/108837\/revisions"}],"predecessor-version":[{"id":108842,"href":"https:\/\/corrientesdetarde.com\/index.php\/wp-json\/wp\/v2\/posts\/108837\/revisions\/108842"}],"wp:featuredmedia":[{"embeddable":true,"href":"https:\/\/corrientesdetarde.com\/index.php\/wp-json\/wp\/v2\/media\/108841"}],"wp:attachment":[{"href":"https:\/\/corrientesdetarde.com\/index.php\/wp-json\/wp\/v2\/media?parent=108837"}],"wp:term":[{"taxonomy":"category","embeddable":true,"href":"https:\/\/corrientesdetarde.com\/index.php\/wp-json\/wp\/v2\/categories?post=108837"},{"taxonomy":"post_tag","embeddable":true,"href":"https:\/\/corrientesdetarde.com\/index.php\/wp-json\/wp\/v2\/tags?post=108837"}],"curies":[{"name":"wp","href":"https:\/\/api.w.org\/{rel}","templated":true}]}}