{"id":108855,"date":"2023-12-08T19:34:55","date_gmt":"2023-12-08T22:34:55","guid":{"rendered":"https:\/\/corrientesdetarde.com\/?p=108855"},"modified":"2023-12-08T19:35:07","modified_gmt":"2023-12-08T22:35:07","slug":"se-incrusto-con-el-auto-en-una-casa-en-el-interior-de-corrientes","status":"publish","type":"post","link":"https:\/\/corrientesdetarde.com\/index.php\/policiales\/se-incrusto-con-el-auto-en-una-casa-en-el-interior-de-corrientes\/","title":{"rendered":"Se incrust\u00f3 con el auto en una casa en el interior de Corrientes."},"content":{"rendered":"\n<h2 class=\"wp-block-heading\">Una mujer que conduc\u00eda un autom\u00f3vil termin\u00f3 contra una casa en la esquina de las calles Ernesto Montiel y Juan Manuel de Rosas, en la localidad de Gobernador Virasoro. Solo se produjeron da\u00f1os materiales.<\/h2>\n\n\n\n<p>Siendo las 02:10 horas de la madrugada, y por razones que se tratan de establecer, un veh\u00edculo Chevrolet Onix perdi\u00f3 el control y colision\u00f3 con el frente de una vivienda provocando da\u00f1os importantes en la misma.<\/p>\n\n\n\n<p>El siniestro ocurri\u00f3 en la intersecci\u00f3n de las calles Ernesto Montiel y Juan Manuel de Rosas.<\/p>\n\n\n\n<p>El vehiculo era conducido por una persona del sexo femenino (mayor de edad) a quien acompa\u00f1aban dos ocupantes.&nbsp;<\/p>\n\n\n\n<p>Ni las mujeres que iban en el auto, ni la propietaria de la vivienda sufrieron lesiones.<\/p>\n\n\n\n<p>Se llevan a cabo las tareas procesales de rigor.<\/p>\n","protected":false},"excerpt":{"rendered":"<p>Una mujer que conduc\u00eda un autom\u00f3vil termin\u00f3 contra una casa en la esquina de las calles Ernesto Montiel y Juan Manuel de Rosas, en la localidad de Gobernador Virasoro. Solo&hellip; <\/p>\n","protected":false},"author":6,"featured_media":108856,"comment_status":"closed","ping_status":"open","sticky":false,"template":"","format":"standard","meta":{"footnotes":""},"categories":[33],"tags":[],"class_list":["post-108855","post","type-post","status-publish","format-standard","has-post-thumbnail","hentry","category-policiales"],"_links":{"self":[{"href":"https:\/\/corrientesdetarde.com\/index.php\/wp-json\/wp\/v2\/posts\/108855","targetHints":{"allow":["GET"]}}],"collection":[{"href":"https:\/\/corrientesdetarde.com\/index.php\/wp-json\/wp\/v2\/posts"}],"about":[{"href":"https:\/\/corrientesdetarde.com\/index.php\/wp-json\/wp\/v2\/types\/post"}],"author":[{"embeddable":true,"href":"https:\/\/corrientesdetarde.com\/index.php\/wp-json\/wp\/v2\/users\/6"}],"replies":[{"embeddable":true,"href":"https:\/\/corrientesdetarde.com\/index.php\/wp-json\/wp\/v2\/comments?post=108855"}],"version-history":[{"count":1,"href":"https:\/\/corrientesdetarde.com\/index.php\/wp-json\/wp\/v2\/posts\/108855\/revisions"}],"predecessor-version":[{"id":108857,"href":"https:\/\/corrientesdetarde.com\/index.php\/wp-json\/wp\/v2\/posts\/108855\/revisions\/108857"}],"wp:featuredmedia":[{"embeddable":true,"href":"https:\/\/corrientesdetarde.com\/index.php\/wp-json\/wp\/v2\/media\/108856"}],"wp:attachment":[{"href":"https:\/\/corrientesdetarde.com\/index.php\/wp-json\/wp\/v2\/media?parent=108855"}],"wp:term":[{"taxonomy":"category","embeddable":true,"href":"https:\/\/corrientesdetarde.com\/index.php\/wp-json\/wp\/v2\/categories?post=108855"},{"taxonomy":"post_tag","embeddable":true,"href":"https:\/\/corrientesdetarde.com\/index.php\/wp-json\/wp\/v2\/tags?post=108855"}],"curies":[{"name":"wp","href":"https:\/\/api.w.org\/{rel}","templated":true}]}}