{"id":108858,"date":"2023-12-08T19:37:12","date_gmt":"2023-12-08T22:37:12","guid":{"rendered":"https:\/\/corrientesdetarde.com\/?p=108858"},"modified":"2023-12-08T19:37:16","modified_gmt":"2023-12-08T22:37:16","slug":"feriado-accidentado-en-el-puente-chaco-corrientes","status":"publish","type":"post","link":"https:\/\/corrientesdetarde.com\/index.php\/policiales\/feriado-accidentado-en-el-puente-chaco-corrientes\/","title":{"rendered":"Feriado accidentado en el puente Chaco-Corrientes."},"content":{"rendered":"\n<h2 class=\"wp-block-heading\">Durante la jornada de \u00e9ste viernes -y a\u00fan en la &#8220;supuesta&#8221; tranquilidad del feriado- se produjeron tres siniestros viales de distintas consideraci\u00f3n en el transcurso de pocas horas en el puente General Belgrano. El primero de ellos se inform\u00f3 a las 7,45 en la bajada del lado chaque\u00f1o. En el mismo lugar hubo otro a las 12,45. Pasadas las 15,30, se produjo el tercer choque.<\/h2>\n\n\n\n<p>Todos los siniestros, de distinta consideraci\u00f3n, originaron demoras en la circulaci\u00f3n por el paso interprovincial.<\/p>\n\n\n\n<p>A trav\u00e9s de distintas redes sociales los usuarios expresaron sus quejas, coincidiendo todos en la ineficacia para realizar las pericias de manera r\u00e1pida y efectiva.<\/p>\n\n\n\n<p><\/p>\n","protected":false},"excerpt":{"rendered":"<p>Durante la jornada de \u00e9ste viernes -y a\u00fan en la &#8220;supuesta&#8221; tranquilidad del feriado- se produjeron tres siniestros viales de distintas consideraci\u00f3n en el transcurso de pocas horas en el&hellip; <\/p>\n","protected":false},"author":6,"featured_media":108859,"comment_status":"closed","ping_status":"open","sticky":false,"template":"","format":"standard","meta":{"footnotes":""},"categories":[33],"tags":[],"class_list":["post-108858","post","type-post","status-publish","format-standard","has-post-thumbnail","hentry","category-policiales"],"_links":{"self":[{"href":"https:\/\/corrientesdetarde.com\/index.php\/wp-json\/wp\/v2\/posts\/108858","targetHints":{"allow":["GET"]}}],"collection":[{"href":"https:\/\/corrientesdetarde.com\/index.php\/wp-json\/wp\/v2\/posts"}],"about":[{"href":"https:\/\/corrientesdetarde.com\/index.php\/wp-json\/wp\/v2\/types\/post"}],"author":[{"embeddable":true,"href":"https:\/\/corrientesdetarde.com\/index.php\/wp-json\/wp\/v2\/users\/6"}],"replies":[{"embeddable":true,"href":"https:\/\/corrientesdetarde.com\/index.php\/wp-json\/wp\/v2\/comments?post=108858"}],"version-history":[{"count":1,"href":"https:\/\/corrientesdetarde.com\/index.php\/wp-json\/wp\/v2\/posts\/108858\/revisions"}],"predecessor-version":[{"id":108860,"href":"https:\/\/corrientesdetarde.com\/index.php\/wp-json\/wp\/v2\/posts\/108858\/revisions\/108860"}],"wp:featuredmedia":[{"embeddable":true,"href":"https:\/\/corrientesdetarde.com\/index.php\/wp-json\/wp\/v2\/media\/108859"}],"wp:attachment":[{"href":"https:\/\/corrientesdetarde.com\/index.php\/wp-json\/wp\/v2\/media?parent=108858"}],"wp:term":[{"taxonomy":"category","embeddable":true,"href":"https:\/\/corrientesdetarde.com\/index.php\/wp-json\/wp\/v2\/categories?post=108858"},{"taxonomy":"post_tag","embeddable":true,"href":"https:\/\/corrientesdetarde.com\/index.php\/wp-json\/wp\/v2\/tags?post=108858"}],"curies":[{"name":"wp","href":"https:\/\/api.w.org\/{rel}","templated":true}]}}