{"id":108861,"date":"2023-12-08T19:42:16","date_gmt":"2023-12-08T22:42:16","guid":{"rendered":"https:\/\/corrientesdetarde.com\/?p=108861"},"modified":"2023-12-08T19:42:19","modified_gmt":"2023-12-08T22:42:19","slug":"proyectan-el-consumo-mas-bajo-en-20-anos-para-estas-fiestas","status":"publish","type":"post","link":"https:\/\/corrientesdetarde.com\/index.php\/economia\/proyectan-el-consumo-mas-bajo-en-20-anos-para-estas-fiestas\/","title":{"rendered":"Proyectan el consumo mas bajo en 20 a\u00f1os para estas fiestas."},"content":{"rendered":"\n<h2 class=\"wp-block-heading\">Los datos que vaticinan una ca\u00edda de m\u00e1s del 35 % surgen de un relevamiento del Instituto de Estudios de Consumo Masivo (INDECOM) a poco de las celebraciones de fin de a\u00f1o.<\/h2>\n\n\n\n<p>El imparable proceso inflacionario (16,6 % promedio en noviembre), la devaluaci\u00f3n interanual y la p\u00e9rdida de poder adquisitivo aparecen como las principales causas de la marcada tendencia, tanto en obsequios como en alimentos, que supera la ca\u00edda observada s\u00f3lo durante la crisis de 2001.<\/p>\n\n\n\n<p>En los \u00faltimos d\u00edas, la entidad relev\u00f3 los precios que exhiben los productos de consumo masivo en los diferentes puntos de venta para estas fechas, as\u00ed como tambi\u00e9n puso su mirada sobre los obsequios m\u00e1s comunes para la navidad, y determin\u00f3 que ya se est\u00e1 observando un marcado contexto de estanflaci\u00f3n, caracterizado por un estancamiento de la econom\u00eda y un persistente aumento de los precios.<\/p>\n\n\n\n<p>Al respecto, el director del organismo, Miguel Calvete, detall\u00f3 que &#8220;el trabajo se llev\u00f3 a cabo en el \u00e1mbito geogr\u00e1fico de la Ciudad de Bs As, Gran Buenos Aires, Rosario, C\u00f3rdoba, Mar del Plata, Paran\u00e1, Mendoza, Posadas, Corrientes, Salta, Jujuy y Tucum\u00e1n&#8221; y que &#8220;se dividi\u00f3 sobre 4 superficies mayoristas, 141 supermercados de grandes cadenas y 322 autoservicios de proximidad sobre el stockeo que ya existe en productos alimenticios y bebidas como ser sidras, panes dulces, budines, turrones, golosinas, duraznos enlatados, vinos y bebidas espumantes, as\u00ed como tambi\u00e9n en los principales cortes de carne, pollo y pescado&#8221;.<\/p>\n\n\n\n<p>Al mismo tiempo, se\u00f1al\u00f3 que se relevaron unos 216 comercios de rubros tales como indumentaria, calzado, perfumer\u00eda, joyas y florer\u00edas. Tambi\u00e9n &#8220;se contactaron con autoridades de 32 portales de ventas online multirubro y multimarca, 18 Centros Comerciales y ferias a cielo abierto de calles y avenidas, se trabaj\u00f3 con escaneo de check out de productos y tickets de compra y sobre estad\u00edsticas parciales de las diferentes c\u00e1maras empresarias&#8221;.<\/p>\n\n\n\n<p>El informe se elabor\u00f3 sobre la medici\u00f3n que el mismo organismo obtuvo sobre la inflaci\u00f3n promedio ponderada del mes de noviembre, que a nivel general arroj\u00f3 una suba de un 15.8 % y que se eleva a un 17,4 % si se desagregan los alimentos y bebidas.<\/p>\n\n\n\n<p>A nivel general, el trabajo destaca que todas las superficies de venta (alimentos y obsequios) proyectan una ca\u00edda en las ventas de un 36,6 % promedio, apenas un 3.8 % por debajo del 40,4 % que se registr\u00f3 en 2020 (en plena pandemia por el Covid 19), y trepando un 1 % por encima de la ca\u00edda del 35,6% registrada en el a\u00f1o 2001, en medio del estallido social que termin\u00f3 con el gobierno de Fernando De La R\u00faa.<\/p>\n\n\n\n<p>&#8220;Es decir que se trata de la ca\u00edda m\u00e1s importante en la proyecci\u00f3n del consumo que se ha registrado en los \u00faltimos 22 a\u00f1os, devenida de una crisis econ\u00f3mica, apenas exceptuando lo ocurrido por las cuestiones de fuerza mayor que gener\u00f3 el aislamiento obligatorio de 2020&#8221;, reconoci\u00f3 Calvete.<\/p>\n\n\n\n<p>En el rubro de los comestibles y bebidas que componen los diferentes men\u00fas de navidad y fin de a\u00f1o, el trabajo se\u00f1ala que la suba de precios interanual, en algunos casos, hasta supera dos veces y un tercio (+230 %) los valores de 2022, mientras que en el caso de los obsequios, los incrementos llegan hasta a triplicar (+300%) los valores exhibidos hace un a\u00f1o atr\u00e1s (en los art\u00edculos importados que acompa\u00f1an la suba del d\u00f3lar).<\/p>\n\n\n\n<p>En el caso de los alimentos, tanto los mayoristas, como los supermercados y los peque\u00f1os autoservicios han reconocido que se est\u00e1n stockeando por debajo de un 35,7 %, en promedio, en referencia a 2022, mientras que en el caso de la regaler\u00eda, la cifra es a\u00fan m\u00e1s baja, con una ca\u00edda en el stock de mercader\u00eda del 37.6 %.<\/p>\n\n\n\n<p>Al mismo tiempo, INDECOM destaca que la ca\u00edda en las ventas de alimentos se ve acompa\u00f1ada por un marcado cambio de h\u00e1bitos hacia segundas y terceras marcas. A nivel general, tambi\u00e9n se observa una ca\u00edda interanual del 32.8 % de la capacidad de compra en trabajadores informales y de un 27,9% en los que poseen empleos formales.<\/p>\n\n\n\n<p>Como dato adicional, el trabajo tambi\u00e9n detalla que las superficies afirman que &#8220;los consumidores de los segmentos medios est\u00e1n adelantando las compras (siguiendo la misma baja en vol\u00famenes de operaciones) para tratar de preservar su salario y evitar las subas de precios indiscriminadas que regularmente se producen durante los d\u00edas previos a las fiestas&#8221;.<\/p>\n\n\n\n<p>As\u00ed las cosas, finalmente Calvete se\u00f1al\u00f3 que &#8220;la suba de precios ya es una lamentable constante a la que estamos acostumbrados&#8221;, aunque advirti\u00f3 que &#8220;en esta oportunidad lo m\u00e1s preocupante es que la lupa debe posarse sobre la ca\u00edda en la expectativa de consumo, que se ha derrumbado a los niveles m\u00e1s bajos de las \u00faltimas dos d\u00e9cadas&#8221;.<\/p>\n","protected":false},"excerpt":{"rendered":"<p>Los datos que vaticinan una ca\u00edda de m\u00e1s del 35 % surgen de un relevamiento del Instituto de Estudios de Consumo Masivo (INDECOM) a poco de las celebraciones de fin&hellip; <\/p>\n","protected":false},"author":6,"featured_media":108862,"comment_status":"closed","ping_status":"open","sticky":false,"template":"","format":"standard","meta":{"footnotes":""},"categories":[20],"tags":[],"class_list":["post-108861","post","type-post","status-publish","format-standard","has-post-thumbnail","hentry","category-economia"],"_links":{"self":[{"href":"https:\/\/corrientesdetarde.com\/index.php\/wp-json\/wp\/v2\/posts\/108861","targetHints":{"allow":["GET"]}}],"collection":[{"href":"https:\/\/corrientesdetarde.com\/index.php\/wp-json\/wp\/v2\/posts"}],"about":[{"href":"https:\/\/corrientesdetarde.com\/index.php\/wp-json\/wp\/v2\/types\/post"}],"author":[{"embeddable":true,"href":"https:\/\/corrientesdetarde.com\/index.php\/wp-json\/wp\/v2\/users\/6"}],"replies":[{"embeddable":true,"href":"https:\/\/corrientesdetarde.com\/index.php\/wp-json\/wp\/v2\/comments?post=108861"}],"version-history":[{"count":1,"href":"https:\/\/corrientesdetarde.com\/index.php\/wp-json\/wp\/v2\/posts\/108861\/revisions"}],"predecessor-version":[{"id":108863,"href":"https:\/\/corrientesdetarde.com\/index.php\/wp-json\/wp\/v2\/posts\/108861\/revisions\/108863"}],"wp:featuredmedia":[{"embeddable":true,"href":"https:\/\/corrientesdetarde.com\/index.php\/wp-json\/wp\/v2\/media\/108862"}],"wp:attachment":[{"href":"https:\/\/corrientesdetarde.com\/index.php\/wp-json\/wp\/v2\/media?parent=108861"}],"wp:term":[{"taxonomy":"category","embeddable":true,"href":"https:\/\/corrientesdetarde.com\/index.php\/wp-json\/wp\/v2\/categories?post=108861"},{"taxonomy":"post_tag","embeddable":true,"href":"https:\/\/corrientesdetarde.com\/index.php\/wp-json\/wp\/v2\/tags?post=108861"}],"curies":[{"name":"wp","href":"https:\/\/api.w.org\/{rel}","templated":true}]}}