{"id":108864,"date":"2023-12-08T19:46:37","date_gmt":"2023-12-08T22:46:37","guid":{"rendered":"https:\/\/corrientesdetarde.com\/?p=108864"},"modified":"2023-12-08T19:46:42","modified_gmt":"2023-12-08T22:46:42","slug":"la-madre-de-chano-advirtio-sobre-los-riesgos-del-consumo-de-marihuana","status":"publish","type":"post","link":"https:\/\/corrientesdetarde.com\/index.php\/espectaculos\/la-madre-de-chano-advirtio-sobre-los-riesgos-del-consumo-de-marihuana\/","title":{"rendered":"La madre de Chano advirti\u00f3 sobre los riesgos del consumo de marihuana."},"content":{"rendered":"\n<h2 class=\"wp-block-heading\">Marina Charpentier habl\u00f3 de la lucha que tuvo que afrontar desde que advirti\u00f3 que su hijo sufr\u00eda un problema de adicci\u00f3n. Y se refiri\u00f3 al tratamiento que lleva adelante el cantante, en medio de la serie de conciertos por el regreso de la banda.<\/h2>\n\n\n\n<p>Este viernes 8 de diciembre en River se va a llevar a cabo la \u00faltima fecha que tiene prevista\u00a0Tan Bi\u00f3nica\u00a0en Buenos Aires desde que anunciaron su regreso moment\u00e1neo. Despu\u00e9s de los cuatro shows en V\u00e9lez y antes de la gira por el interior y Sudam\u00e9rica, unas 80 mil personas se preparan para vivir una noche inolvidable.<\/p>\n\n\n\n<p>En ese contexto,&nbsp;<strong>Marina Charpentier,&nbsp;la&nbsp;mam\u00e1 de&nbsp;Chano,&nbsp;habl\u00f3 de la salud tanto f\u00edsica como emocional de su hijo<\/strong>. Lo hizo en&nbsp;Poco correctos&nbsp;el ciclo que conducen&nbsp;el Pollo \u00c1lvarez&nbsp;y&nbsp;el Chino Leunis&nbsp;por la pantalla del Trece: \u201c<strong>Hoy est\u00e1 sostenido por su banda y est\u00e1n felices<\/strong>\u201d, dijo la mujer, y se refiri\u00f3 puntualmente a la salud de su hijo:&nbsp;\u201c<strong>Est\u00e1 muy bien, camino al a\u00f1o limpio. Est\u00e1 muy feliz, ensayando, con su banda, con su chica. Esta es una nueva etapa, pero con muchas esperanzas. Creo que esta vez entendi\u00f3<\/strong>\u201d,&nbsp;se\u00f1al\u00f3 en relaci\u00f3n a los episodios del pasado.<\/p>\n\n\n\n<p>En ese contexto, aprovech\u00f3 para advertir sobre&nbsp;<strong>los peligros que se esconden detr\u00e1s de \u201cla naturalizaci\u00f3n del consumo de marihuana\u201d<\/strong>&nbsp;y remarc\u00f3 la necesidad de pedir ayuda de inmediato:&nbsp;\u201c<strong>No todas las personas que la consumen van a ser adictas, pero hoy&nbsp;hay un alt\u00edsimo porcentaje que la marihuana te despierta psicosis cannabis. Hay padres que te dicen, \u2018bueno, un porro&#8230;\u2019, o (creen que)&nbsp;\u2018el porro es igual que el tabaco<\/strong>\u201d.&nbsp;<strong>Y eso no es verdad, no es verdad, para nada\u2026<\/strong>\u201d.<\/p>\n\n\n\n<figure class=\"wp-block-image\"><a href=\"https:\/\/www.radiosudamericana.com\/notix\/multimedia\/imagenes\/fotos\/2023-12-08\/497723.jpg\"><img decoding=\"async\" src=\"https:\/\/www.radiosudamericana.com\/notix\/multimedia\/imagenes\/fotos\/2023-12-08\/497723.jpg_nota.jpg\" alt=\"\"\/><\/a><\/figure>\n\n\n\n<p>La madre de Chano enfatiz\u00f3 que \u201csi le hicieran el toxicol\u00f3gico a todas las personas que manejan habiendo fumado marihuana, nos dar\u00edamos cuenta de la cantidad de accidentes que hay porque la marihuana te altera el cerebro, te altera las emociones, por algo la consumen\u2026\u201d<\/p>\n\n\n\n<p>En el caso de la adicci\u00f3n del cantante de Tan Bi\u00f3nica, la primera se\u00f1al de alerta se dio hace varios a\u00f1os: \u201c<strong>Tuve que intervenir cuando \u00e9l ten\u00eda 20 a\u00f1os, y ahora tiene 42&#8230;&nbsp;En ese momento ped\u00ed ayuda y a los 21-22 obtuvimos el diagn\u00f3stico, ya sab\u00edamos que era un adicto\u2026Me d\u00ed cuenta cuando encontr\u00e9 el primer cigarrillo de marihuana en la mesa de luz<\/strong>\u201d.<\/p>\n\n\n\n<p>En la misma entrevista, la madre del artista record\u00f3&nbsp;el episodio ocurrido en Exaltaci\u00f3n de la Cruz en 2021, cuando Chano fue baleado por un polic\u00eda:&nbsp;\u201cNo lo pod\u00edamos convencer (de que se interne),&nbsp;el jardinero nos abri\u00f3 la puerta de su casa y nos metimos. \u00c9l estaba en la cama, con su computadora y, al ver que \u00e9ramos como siete personas rode\u00e1ndolo, cort\u00f3 la luz porque quer\u00eda escaparse\u201d,&nbsp;evoc\u00f3 Marina.<\/p>\n\n\n\n<p>\u201c<strong>Invadimos su casa, esa es la verdad.&nbsp;El m\u00e9dico y el enfermero le estuvieron hablando una hora y es horrible contar esto, pero lo hago por otras madres que est\u00e1n pasando lo mismo.<\/strong>&nbsp;Yo le dije al m\u00e9dico que lo ten\u00edan que llevar, pero lo que me repitieron es que si \u00e9l no quer\u00eda, no se pod\u00eda hacer nada.&nbsp;No estaba violento ni agresivo.&nbsp;<strong>En ese estado \u00e9l no puede pensar. En un momento decidi\u00f3 escaparse por el campo y un polic\u00eda le dio la orden de alto, sac\u00f3 una pistola y le dispar\u00f3<\/strong>\u201d, concluy\u00f3 la mam\u00e1 de Chano sobre aquel episodio.<\/p>\n","protected":false},"excerpt":{"rendered":"<p>Marina Charpentier habl\u00f3 de la lucha que tuvo que afrontar desde que advirti\u00f3 que su hijo sufr\u00eda un problema de adicci\u00f3n. Y se refiri\u00f3 al tratamiento que lleva adelante el&hellip; <\/p>\n","protected":false},"author":6,"featured_media":108868,"comment_status":"closed","ping_status":"open","sticky":false,"template":"","format":"standard","meta":{"footnotes":""},"categories":[19],"tags":[],"class_list":["post-108864","post","type-post","status-publish","format-standard","has-post-thumbnail","hentry","category-espectaculos"],"_links":{"self":[{"href":"https:\/\/corrientesdetarde.com\/index.php\/wp-json\/wp\/v2\/posts\/108864","targetHints":{"allow":["GET"]}}],"collection":[{"href":"https:\/\/corrientesdetarde.com\/index.php\/wp-json\/wp\/v2\/posts"}],"about":[{"href":"https:\/\/corrientesdetarde.com\/index.php\/wp-json\/wp\/v2\/types\/post"}],"author":[{"embeddable":true,"href":"https:\/\/corrientesdetarde.com\/index.php\/wp-json\/wp\/v2\/users\/6"}],"replies":[{"embeddable":true,"href":"https:\/\/corrientesdetarde.com\/index.php\/wp-json\/wp\/v2\/comments?post=108864"}],"version-history":[{"count":1,"href":"https:\/\/corrientesdetarde.com\/index.php\/wp-json\/wp\/v2\/posts\/108864\/revisions"}],"predecessor-version":[{"id":108869,"href":"https:\/\/corrientesdetarde.com\/index.php\/wp-json\/wp\/v2\/posts\/108864\/revisions\/108869"}],"wp:featuredmedia":[{"embeddable":true,"href":"https:\/\/corrientesdetarde.com\/index.php\/wp-json\/wp\/v2\/media\/108868"}],"wp:attachment":[{"href":"https:\/\/corrientesdetarde.com\/index.php\/wp-json\/wp\/v2\/media?parent=108864"}],"wp:term":[{"taxonomy":"category","embeddable":true,"href":"https:\/\/corrientesdetarde.com\/index.php\/wp-json\/wp\/v2\/categories?post=108864"},{"taxonomy":"post_tag","embeddable":true,"href":"https:\/\/corrientesdetarde.com\/index.php\/wp-json\/wp\/v2\/tags?post=108864"}],"curies":[{"name":"wp","href":"https:\/\/api.w.org\/{rel}","templated":true}]}}