{"id":108870,"date":"2023-12-08T19:51:24","date_gmt":"2023-12-08T22:51:24","guid":{"rendered":"https:\/\/corrientesdetarde.com\/?p=108870"},"modified":"2023-12-08T19:51:28","modified_gmt":"2023-12-08T22:51:28","slug":"jair-bolsonaro-se-reunio-con-javier-milei-y-aseguro-que-argentina-esta-peor-que-brasil","status":"publish","type":"post","link":"https:\/\/corrientesdetarde.com\/index.php\/politica\/jair-bolsonaro-se-reunio-con-javier-milei-y-aseguro-que-argentina-esta-peor-que-brasil\/","title":{"rendered":"Jair Bolsonaro se reuni\u00f3 con Javier Milei y asegur\u00f3 que \u201cArgentina est\u00e1 peor que Brasil\u201d."},"content":{"rendered":"\n<h2 class=\"wp-block-heading\">El presidente electo se reuni\u00f3 con el expresidente del gigante sudamericano. Del encuentro tambi\u00e9n particip\u00f3 su hijo, Eduardo. \u201cSomos enemigos de la izquierda\u201d, declar\u00f3 el exmandatario.<\/h2>\n\n\n\n<p>A dos d\u00edas de la asunci\u00f3n del presidente electo, <strong>Javier Milei<\/strong>, siguen llegando mandatarios y l\u00edderes mundiales al pa\u00eds para participar de la ceremonia. Uno de ellos arrib\u00f3 este jueves por la noche y se reuni\u00f3 esta ma\u00f1ana con el l\u00edder libertario. Se trata del expresidente de Brasil,\u00a0<strong>Jair Bolsonaro<\/strong>, que apoy\u00f3 desde un primer momento al referente de La Libertad Avanza. Incluso su hijo, Eduardo, fue uno de los veedores internacionales en las elecciones.<\/p>\n\n\n\n<p>\u201c<strong>Fue una conversaci\u00f3n entre amigos<\/strong>\u201d, defini\u00f3 Bolsonaro a la prensa tras el encuentro que dur\u00f3 cerca de 90 minutos, mientras caminaba por la calle del hotel rodeado por periodistas. \u201cHablamos de econom\u00eda, seguridad y f\u00fatbol\u201d, agreg\u00f3 su hijo, Eduardo, y asegur\u00f3 que hay \u201cmucha esperanza\u201d en la Argentina por la\u00a0<strong>\u201cposibilidad de un cambio real\u201d.<\/strong><\/p>\n\n\n\n<p>Bolsonaro y su hijo Eduardo arribaron a las 10 al hotel ubicado en la avenida C\u00f3rdoba y Maip\u00fa, de la Ciudad de Buenos Aires, donde Milei se aloja y mantiene reuniones con sus equipos t\u00e9cnicos. Seg\u00fan se inform\u00f3, fue un encuentro en el que<strong>&nbsp;hablaron de econom\u00eda y de la relaci\u00f3n bilateral&nbsp;<\/strong>entre ambos pa\u00edses. La reuni\u00f3n cont\u00f3 con la presencia de la futura ministra de Seguridad,<strong>&nbsp;Patricia Bullrich.<\/strong><\/p>\n\n\n\n<figure class=\"wp-block-image\"><img decoding=\"async\" src=\"https:\/\/tn.com.ar\/resizer\/AoYQj6igNz9eSuAF_JQ6Pcnu0nc=\/767x0\/smart\/filters:format(webp)\/cloudfront-us-east-1.images.arcpublishing.com\/artear\/USPZ7PDLX5C23NO77BQE5GRFQY.jpg\" alt=\"El ex presidente de Brasil, Jair Bolsonaro, con una camiseta argentina al salir \ndel hotel donde se reuni\u00f3 con Javier Milei\n(Foto NA\/Mariano S\u00e1nchez)\"\/><figcaption>El ex presidente de Brasil, Jair Bolsonaro, con una camiseta argentina al salir del hotel donde se reuni\u00f3 con Javier Milei (Foto NA\/Mariano S\u00e1nchez)<\/figcaption><\/figure>\n\n\n\n<p>\u201c<strong>Tiene todo para ser un buen gobierno<\/strong>. La Libertad Avanza y Juntos por el Cambio tienen la posibilidad de formar mayor\u00eda en el Congreso\u201d, remarc\u00f3 Eduardo Bolsonaro. En tanto, el expresidente brasile\u00f1o afirm\u00f3 que Milei deber\u00e1 \u201c<strong>tomar medidas r\u00e1pidas<\/strong>\u201d y destac\u00f3 el equipo de trabajo que asumir\u00e1 este domingo.<\/p>\n\n\n\n<p>\u201cArgentina es muy importante para el mundo. En la cuesti\u00f3n ideol\u00f3gica el mundo esta polarizado\u201d, subray\u00f3 Bolsonaro y consider\u00f3 que es necesario respetar \u201cla autonom\u00eda de cada pa\u00eds\u201d. Tambi\u00e9n dijo que hubo \u201cmuchas coincidencias\u201d entre \u00e9l y Milei, y consider\u00f3 que la situaci\u00f3n \u201cest\u00e1 peor\u201d que la de Brasil.<\/p>\n\n\n\n<p>Antes, en una entrevista con radio&nbsp;<em>Mitre<\/em>, asegur\u00f3 que junto con Milei \u201c<strong>defendemos la democracia<\/strong>\u201d. \u201cEl triunfo de Milei significa mucho en el mundo sobre todo en un contexto donde est\u00e1 muy dividido entre la izquierda y la derecha. Nosotros<strong>&nbsp;no somos opositores (a la izquierda), somos enemigos\u201d,<\/strong>&nbsp;expres\u00f3 el expresidente.<\/p>\n\n\n\n<figure class=\"wp-block-image\"><img decoding=\"async\" src=\"https:\/\/tn.com.ar\/resizer\/CqulcK2Nnc6j_oI1BgcvF6IPx_M=\/767x0\/smart\/filters:format(webp)\/cloudfront-us-east-1.images.arcpublishing.com\/artear\/CCYFNWECGBGSTKE5AITMBY3JFY.JPG\" alt=\"El expresidente de Brasil, Jair Bolsonaro, se reuni\u00f3 con Milei en el Hotel Libertador. (Foto: T\u00e9lam\/Daniel Dabove)\"\/><figcaption>El expresidente de Brasil, Jair Bolsonaro, se reuni\u00f3 con Milei en el Hotel Libertador. (Foto: T\u00e9lam\/Daniel Dabove)<\/figcaption><\/figure>\n\n\n\n<p>Sobre su participaci\u00f3n en la asunci\u00f3n presidencial, Bolsonaro se\u00f1al\u00f3: \u201cAcept\u00e9 la invitaci\u00f3n de Milei porque somos un pa\u00eds vecino y hermano con Brasil y vamos a hacer lo posible para que Argentina crezca\u201d. Y agreg\u00f3: \u201cEn nuestros pa\u00edses se fueron perdiendo esas potencialidades cuando la izquierda entra al poder y as\u00ed como en la Argentina se empobreci\u00f3, el PT lo hizo en Brasil\u201d.<\/p>\n\n\n\n<h2 class=\"wp-block-heading\">Tambi\u00e9n se reuni\u00f3 con Macri<\/h2>\n\n\n\n<p>Luego de la cumbre con Milei, Bolsonaro sigui\u00f3 con su agenda de reuniones y por la tarde mantuvo un encuentro con el expresidente&nbsp;<strong>Mauricio Macri<\/strong>. Ambos se encontraron en el Hotel Pastena y se dieron un abrazo en el hall del edificio.<\/p>\n\n\n\n<p>El v\u00ednculo entre Macri y Bolsonaro viene de larga data: ambos coincidieron un a\u00f1o de mandato, en el inicio del brasile\u00f1o y el \u00faltimo del argentino. Pero adem\u00e1s tienen mucha afinidad ideol\u00f3gica.<\/p>\n\n\n\n<p>Por su parte, el presidente<strong>&nbsp;Lula da Silva decidi\u00f3 no asistir el domingo<\/strong>&nbsp;a la asunci\u00f3n de Milei y, en su lugar, enviar\u00e1 al canciller Mauro Vieira, quien fue durante ocho a\u00f1os embajador en Buenos Aires, inform\u00f3 a<em>&nbsp;T\u00e9lam&nbsp;<\/em>el ministro de Comunicaci\u00f3n Social brasile\u00f1o, Paulo Pimenta.<\/p>\n\n\n\n<p>Lula hab\u00eda sido invitado d\u00edas atr\u00e1s en una carta entregada personalmente a Vieira en el Palacio de Itamaraty por la futura canciller Diana Mondino, quien destac\u00f3 las relaciones entre Argentina y Brasil. Pese a la carta, el mandatario brasile\u00f1o se mantuvo en la posici\u00f3n de no acudir.<\/p>\n\n\n\n<p><em>Fuente: Todo Noticias.<\/em><\/p>\n","protected":false},"excerpt":{"rendered":"<p>El presidente electo se reuni\u00f3 con el expresidente del gigante sudamericano. Del encuentro tambi\u00e9n particip\u00f3 su hijo, Eduardo. \u201cSomos enemigos de la izquierda\u201d, declar\u00f3 el exmandatario. A dos d\u00edas de&hellip; <\/p>\n","protected":false},"author":6,"featured_media":108871,"comment_status":"closed","ping_status":"open","sticky":false,"template":"","format":"standard","meta":{"footnotes":""},"categories":[3],"tags":[],"class_list":["post-108870","post","type-post","status-publish","format-standard","has-post-thumbnail","hentry","category-politica"],"_links":{"self":[{"href":"https:\/\/corrientesdetarde.com\/index.php\/wp-json\/wp\/v2\/posts\/108870","targetHints":{"allow":["GET"]}}],"collection":[{"href":"https:\/\/corrientesdetarde.com\/index.php\/wp-json\/wp\/v2\/posts"}],"about":[{"href":"https:\/\/corrientesdetarde.com\/index.php\/wp-json\/wp\/v2\/types\/post"}],"author":[{"embeddable":true,"href":"https:\/\/corrientesdetarde.com\/index.php\/wp-json\/wp\/v2\/users\/6"}],"replies":[{"embeddable":true,"href":"https:\/\/corrientesdetarde.com\/index.php\/wp-json\/wp\/v2\/comments?post=108870"}],"version-history":[{"count":1,"href":"https:\/\/corrientesdetarde.com\/index.php\/wp-json\/wp\/v2\/posts\/108870\/revisions"}],"predecessor-version":[{"id":108872,"href":"https:\/\/corrientesdetarde.com\/index.php\/wp-json\/wp\/v2\/posts\/108870\/revisions\/108872"}],"wp:featuredmedia":[{"embeddable":true,"href":"https:\/\/corrientesdetarde.com\/index.php\/wp-json\/wp\/v2\/media\/108871"}],"wp:attachment":[{"href":"https:\/\/corrientesdetarde.com\/index.php\/wp-json\/wp\/v2\/media?parent=108870"}],"wp:term":[{"taxonomy":"category","embeddable":true,"href":"https:\/\/corrientesdetarde.com\/index.php\/wp-json\/wp\/v2\/categories?post=108870"},{"taxonomy":"post_tag","embeddable":true,"href":"https:\/\/corrientesdetarde.com\/index.php\/wp-json\/wp\/v2\/tags?post=108870"}],"curies":[{"name":"wp","href":"https:\/\/api.w.org\/{rel}","templated":true}]}}