{"id":108877,"date":"2023-12-08T20:35:55","date_gmt":"2023-12-08T23:35:55","guid":{"rendered":"https:\/\/corrientesdetarde.com\/?p=108877"},"modified":"2023-12-08T20:35:56","modified_gmt":"2023-12-08T23:35:56","slug":"mortal-discusion-de-transito-en-la-plata","status":"publish","type":"post","link":"https:\/\/corrientesdetarde.com\/index.php\/policiales\/mortal-discusion-de-transito-en-la-plata\/","title":{"rendered":"Mortal discusi\u00f3n de tr\u00e1nsito en La Plata."},"content":{"rendered":"\n<h2 class=\"wp-block-heading\">Un hombre mat\u00f3 a tiros a una mujer y huy\u00f3 en moto. La v\u00edctima fue identificada como \u00c9rica Sabrina Soto, de 43 a\u00f1os. El acusado est\u00e1 pr\u00f3fugo.<\/h2>\n\n\n\n<p>Una mujer de 43 a\u00f1os fue\u00a0<strong>asesinada de un disparo\u00a0<\/strong>por un joven de 22 tras una discusi\u00f3n de tr\u00e1nsito en la ciudad de\u00a0La Plata. Junto a ella hab\u00eda dos hombres que tambi\u00e9n terminaron heridos.<\/p>\n\n\n\n<p>El tr\u00e1gico hecho ocurri\u00f3 este viernes por la madrugada en las calles 86, entre 21 y 22, de la localidad de Altos de San Lorenzo. La v\u00edctima fue identificada como\u00a0<strong>\u00c9rica Sabrina Soto<\/strong>.<\/p>\n\n\n\n<figure class=\"wp-block-image\"><img decoding=\"async\" src=\"https:\/\/tn.com.ar\/resizer\/bxfDfVAtmirJA1uCsJt47E7_gKg=\/767x0\/smart\/filters:format(webp)\/cloudfront-us-east-1.images.arcpublishing.com\/artear\/L2OF5ARI5RDF5PZVKQDXHZR5PU.PNG\" alt=\"La mujer de 43 a\u00f1os muri\u00f3 tras recibir un disparo en el cuello. El acusado permanece pr\u00f3fugo. (Foto: Gentileza El D\u00eda)\"\/><figcaption>La mujer de 43 a\u00f1os muri\u00f3 tras recibir un disparo en el cuello. El acusado permanece pr\u00f3fugo. (Foto: Gentileza El D\u00eda)<\/figcaption><\/figure>\n\n\n\n<p>Seg\u00fan el diario&nbsp;<em>El D\u00eda<\/em>&nbsp;de La Plata, todo comenz\u00f3 cuando la v\u00edctima junto a su pareja y otro hombre m\u00e1s,&nbsp;<strong>comenzaron una pelea de tr\u00e1nsito&nbsp;<\/strong>con un joven que iba en moto.<\/p>\n\n\n\n<p>Tras el enfrentamiento verbal, el acusado se retir\u00f3 del lugar pero luego<strong>\u00a0regres\u00f3 con un arma de fuego\u00a0<\/strong>y comenz\u00f3 a dispararle a los tres.<\/p>\n\n\n\n<p>Los dos hombres recibieron una herida de bala en uno de sus hombros, pero no sufrieron consecuencias mayores. Sin embargo, \u00c9rica fue&nbsp;<strong>baleada a la altura del cuello<\/strong>&nbsp;lo que caus\u00f3 la muerte a los pocos minutos. Tras el ataque, el joven<strong>&nbsp;escap\u00f3 en su veh\u00edculo&nbsp;<\/strong>y al momento permanece pr\u00f3fugo.<\/p>\n\n\n\n<p>En el lugar trabajaron oficiales de la Polic\u00eda Cient\u00edfica, de la Comisar\u00eda Octava y personal m\u00e9dico. El caso es investigado por UFIJ N\u00b01 de La Plata.<\/p>\n\n\n\n<p><em>Fuente: Todo Noticias.<\/em><\/p>\n","protected":false},"excerpt":{"rendered":"<p>Un hombre mat\u00f3 a tiros a una mujer y huy\u00f3 en moto. La v\u00edctima fue identificada como \u00c9rica Sabrina Soto, de 43 a\u00f1os. El acusado est\u00e1 pr\u00f3fugo. Una mujer de&hellip; <\/p>\n","protected":false},"author":6,"featured_media":108878,"comment_status":"closed","ping_status":"open","sticky":false,"template":"","format":"standard","meta":{"footnotes":""},"categories":[33],"tags":[],"class_list":["post-108877","post","type-post","status-publish","format-standard","has-post-thumbnail","hentry","category-policiales"],"_links":{"self":[{"href":"https:\/\/corrientesdetarde.com\/index.php\/wp-json\/wp\/v2\/posts\/108877","targetHints":{"allow":["GET"]}}],"collection":[{"href":"https:\/\/corrientesdetarde.com\/index.php\/wp-json\/wp\/v2\/posts"}],"about":[{"href":"https:\/\/corrientesdetarde.com\/index.php\/wp-json\/wp\/v2\/types\/post"}],"author":[{"embeddable":true,"href":"https:\/\/corrientesdetarde.com\/index.php\/wp-json\/wp\/v2\/users\/6"}],"replies":[{"embeddable":true,"href":"https:\/\/corrientesdetarde.com\/index.php\/wp-json\/wp\/v2\/comments?post=108877"}],"version-history":[{"count":1,"href":"https:\/\/corrientesdetarde.com\/index.php\/wp-json\/wp\/v2\/posts\/108877\/revisions"}],"predecessor-version":[{"id":108880,"href":"https:\/\/corrientesdetarde.com\/index.php\/wp-json\/wp\/v2\/posts\/108877\/revisions\/108880"}],"wp:featuredmedia":[{"embeddable":true,"href":"https:\/\/corrientesdetarde.com\/index.php\/wp-json\/wp\/v2\/media\/108878"}],"wp:attachment":[{"href":"https:\/\/corrientesdetarde.com\/index.php\/wp-json\/wp\/v2\/media?parent=108877"}],"wp:term":[{"taxonomy":"category","embeddable":true,"href":"https:\/\/corrientesdetarde.com\/index.php\/wp-json\/wp\/v2\/categories?post=108877"},{"taxonomy":"post_tag","embeddable":true,"href":"https:\/\/corrientesdetarde.com\/index.php\/wp-json\/wp\/v2\/tags?post=108877"}],"curies":[{"name":"wp","href":"https:\/\/api.w.org\/{rel}","templated":true}]}}