{"id":108890,"date":"2023-12-08T21:05:03","date_gmt":"2023-12-09T00:05:03","guid":{"rendered":"https:\/\/corrientesdetarde.com\/?p=108890"},"modified":"2023-12-08T21:05:17","modified_gmt":"2023-12-09T00:05:17","slug":"las-secretarias-de-energia-y-mineria-dependeran-de-luis-caputo","status":"publish","type":"post","link":"https:\/\/corrientesdetarde.com\/index.php\/politica\/las-secretarias-de-energia-y-mineria-dependeran-de-luis-caputo\/","title":{"rendered":"Las secretar\u00edas de Energ\u00eda y Miner\u00eda depender\u00e1n de Luis Caputo."},"content":{"rendered":"\n<h2 class=\"wp-block-heading\">A la espera de la asunci\u00f3n de Javier Milei y de los anuncios en materia de tarifas, las \u00e1reas energ\u00e9ticas depender\u00e1n inicialmente del Ministerio de Econom\u00eda.<\/h2>\n\n\n\n<p>Este viernes fuentes de La Libertad Avanza confirmaron\u00a0que las secretar\u00edas de<strong>\u00a0Energ\u00eda y Miner\u00eda\u00a0<\/strong>finalmente quedar\u00e1n\u00a0<strong>bajo la \u00f3rbita del Ministerio de Econom\u00eda\u00a0<\/strong>que conduce\u00a0<strong>Luis Caputo<\/strong>, y no en la cartera de Infraestructura a cargo de\u00a0<strong>Guillermo Ferraro<\/strong>.<\/p>\n\n\n\n<p>Ante las intenciones del gobierno entrante de aplicar<strong>\u00a0medidas relativas a los subsidios y tarifas energ\u00e9ticas<\/strong>\u00a0-tanto para la electricidad como para el gas natural-, ser\u00e1 Econom\u00eda la cartera en la que se tomar\u00e1n las decisiones.<\/p>\n\n\n\n<p>En rigor, ambos sectores estaban confirmados dentro del organigrama del<strong>&nbsp;Ministerio de Infraestructura&nbsp;<\/strong>y aunque pasen a Econom\u00eda no se ir\u00e1n del todo.<strong>&nbsp;Ferraro va a mantener el control de las obras vinculadas al sector energ\u00e9tico<\/strong>&nbsp;y destac\u00f3 que \u201cEnerg\u00eda y Miner\u00eda podr\u00edan pasar al ministerio una vez avanzado el gobierno de LLA\u201d.<\/p>\n\n\n\n<figure class=\"wp-block-image\"><img decoding=\"async\" src=\"https:\/\/tn.com.ar\/resizer\/ita5L5L-cg9rnyZh4mcZoseTV0M=\/767x0\/smart\/filters:format(webp)\/cloudfront-us-east-1.images.arcpublishing.com\/artear\/K56S7ULTCNDPZCRXXGV45N5HPU.jpg\" alt=\"Eduardo Chirillo, el secretario de Energ\u00eda de Milei. (Foto: Prensa LLA)\"\/><figcaption>Eduardo Chirillo, el secretario de Energ\u00eda de Milei. (Foto: Prensa LLA)<\/figcaption><\/figure>\n\n\n\n<p>\u201cHay una cuesti\u00f3n de firmas y de&nbsp;<strong>toma de decisi\u00f3n sobre tarifas y subsidios<\/strong>&nbsp;que requieren esta medida transitoria. Por eso, ambas \u00e1reas quedar\u00e1n en Econom\u00eda, pero Infraestructura va a decidir sobre las obras para los dos sectores neur\u00e1lgicos. Caputo tiene que tener bajo control el tema tarifas y subsidios, para controlar la inflaci\u00f3n, hoy todo pasa por ah\u00ed\u201d, explicaron desde la Libertad Avanza.<\/p>\n\n\n\n<p>Hasta ahora, la Secretar\u00eda de Miner\u00eda estaba en manos de la catamarque\u00f1a&nbsp;<strong>Fernanda \u00c1vila&nbsp;<\/strong>(quien asumir\u00e1 como diputada nacional)mientras que&nbsp;<strong>Energ\u00eda&nbsp;<\/strong>estaba a cargo de la salte\u00f1a,&nbsp;<strong>Flavia Roy\u00f3n<\/strong>. Para este \u00faltimo organismo, Milei eligi\u00f3 a&nbsp;<strong>Eduardo Rodr\u00edguez Chirillo&nbsp;<\/strong>para desempe\u00f1arse como secretario.<\/p>\n\n\n\n<p>Seg\u00fan indicaron fuentes de LLA, la actual secretaria de Energ\u00eda,&nbsp;<strong>Flavia Roy\u00f3n,&nbsp;<\/strong>podr\u00eda asumir el cargo en la<strong>&nbsp;Secretar\u00eda de Miner\u00eda.<\/strong>&nbsp;\u201cSe ver\u00e1 si en forma provisoria o no\u201d, enfatizaron desde el gobierno entrante.<\/p>\n\n\n\n<p>La noticia se conoci\u00f3 luego de que<strong>\u00a0las estaciones de servicio incrementaran los valores del combustible<\/strong>\u00a0en todo el pa\u00eds. Shell fue la primera en actualizar los precios el inicio del fin de semana largo y 48 horas antes de la asunci\u00f3n de Javier Milei.<\/p>\n\n\n\n<p>Horas despu\u00e9s, las estaciones Puma se acoplaron a la suba y pasado el mediod\u00eda lo hizo la l\u00edder de mercado,\u00a0<strong>YPF,\u00a0<\/strong>con la nueva gesti\u00f3n\u00a0que encabezar\u00e1\u00a0<strong>Horacio Mar\u00edn<\/strong>.<\/p>\n\n\n\n<p><em>Fuente: Todo Noticias.<\/em><\/p>\n","protected":false},"excerpt":{"rendered":"<p>A la espera de la asunci\u00f3n de Javier Milei y de los anuncios en materia de tarifas, las \u00e1reas energ\u00e9ticas depender\u00e1n inicialmente del Ministerio de Econom\u00eda. Este viernes fuentes de&hellip; <\/p>\n","protected":false},"author":6,"featured_media":108891,"comment_status":"closed","ping_status":"open","sticky":false,"template":"","format":"standard","meta":{"footnotes":""},"categories":[3],"tags":[],"class_list":["post-108890","post","type-post","status-publish","format-standard","has-post-thumbnail","hentry","category-politica"],"_links":{"self":[{"href":"https:\/\/corrientesdetarde.com\/index.php\/wp-json\/wp\/v2\/posts\/108890","targetHints":{"allow":["GET"]}}],"collection":[{"href":"https:\/\/corrientesdetarde.com\/index.php\/wp-json\/wp\/v2\/posts"}],"about":[{"href":"https:\/\/corrientesdetarde.com\/index.php\/wp-json\/wp\/v2\/types\/post"}],"author":[{"embeddable":true,"href":"https:\/\/corrientesdetarde.com\/index.php\/wp-json\/wp\/v2\/users\/6"}],"replies":[{"embeddable":true,"href":"https:\/\/corrientesdetarde.com\/index.php\/wp-json\/wp\/v2\/comments?post=108890"}],"version-history":[{"count":1,"href":"https:\/\/corrientesdetarde.com\/index.php\/wp-json\/wp\/v2\/posts\/108890\/revisions"}],"predecessor-version":[{"id":108892,"href":"https:\/\/corrientesdetarde.com\/index.php\/wp-json\/wp\/v2\/posts\/108890\/revisions\/108892"}],"wp:featuredmedia":[{"embeddable":true,"href":"https:\/\/corrientesdetarde.com\/index.php\/wp-json\/wp\/v2\/media\/108891"}],"wp:attachment":[{"href":"https:\/\/corrientesdetarde.com\/index.php\/wp-json\/wp\/v2\/media?parent=108890"}],"wp:term":[{"taxonomy":"category","embeddable":true,"href":"https:\/\/corrientesdetarde.com\/index.php\/wp-json\/wp\/v2\/categories?post=108890"},{"taxonomy":"post_tag","embeddable":true,"href":"https:\/\/corrientesdetarde.com\/index.php\/wp-json\/wp\/v2\/tags?post=108890"}],"curies":[{"name":"wp","href":"https:\/\/api.w.org\/{rel}","templated":true}]}}