{"id":108893,"date":"2023-12-08T21:09:25","date_gmt":"2023-12-09T00:09:25","guid":{"rendered":"https:\/\/corrientesdetarde.com\/?p=108893"},"modified":"2023-12-08T21:09:32","modified_gmt":"2023-12-09T00:09:32","slug":"el-papa-francisco-destaco-la-fidelidad-en-las-cosas-sencillas-de-maria","status":"publish","type":"post","link":"https:\/\/corrientesdetarde.com\/index.php\/internacionales\/el-papa-francisco-destaco-la-fidelidad-en-las-cosas-sencillas-de-maria\/","title":{"rendered":"El Papa Francisco destac\u00f3 &#8220;la fidelidad en las cosas sencillas&#8221; de Mar\u00eda."},"content":{"rendered":"\n<h2 class=\"wp-block-heading\">El Sumo Pont\u00edfice pronunci\u00f3 la tradicional oraci\u00f3n mariana en el marco del D\u00eda de la Inmaculada Concepci\u00f3n de la Sant\u00edsima Virgen Mar\u00eda, que se conmemora este viernes.\u00a0&#8220;Es con su fidelidad diaria en la bondad que Nuestra Se\u00f1ora dej\u00f3 crecer en ella el don de Dios&#8221;, afirm\u00f3.<\/h2>\n\n\n\n<p>El Papa Francisco destac\u00f3 &#8220;el asombro ante las obras de Dios y la fidelidad en las cosas sencillas&#8221; de Mar\u00eda de Nazaret, en el marco del D\u00eda de la Inmaculada Concepci\u00f3n de la Sant\u00edsima Virgen Mar\u00eda que se conmemora cada 8 de diciembre.<\/p>\n\n\n\n<p>Luego de las dos \u00faltimas retransmisiones del rezo del \u00c1ngelus desde Casa Santa Marta, debido a su infecci\u00f3n pulmonar, el Papa regres\u00f3 este viernes a la Plaza de San Pedro para pronunciar la tradicional oraci\u00f3n mariana en el D\u00eda de la Virgen.<\/p>\n\n\n\n<p>En esta ocasi\u00f3n destac\u00f3 las actitudes de &#8220;asombro ante las obras de Dios y la fidelidad en las cosas sencillas&#8221; de la Virgen Mar\u00eda, seg\u00fan inform\u00f3 la Agencia Informativa Cat\u00f3lica Argentina (AICA).<\/p>\n\n\n\n<p>&#8220;Precisamente por su sencillez mantuvo puro aquel Coraz\u00f3n Inmaculado con el que, por gracia de Dios, hab\u00eda sido concebida&#8221;, sostuvo el pont\u00edfice, mientras indic\u00f3 que &#8220;para acoger los grandes dones de Dios, es necesario saber atesorar los que son m\u00e1s cotidianos y menos visibles&#8221;.<\/p>\n\n\n\n<p>&#8220;Es con su fidelidad diaria en la bondad que Nuestra Se\u00f1ora dej\u00f3 crecer en ella el don de Dios&#8221;, agreg\u00f3.<\/p>\n\n\n\n<p>El 8 de diciembre se recuerda la Inmaculada Concepci\u00f3n de Mar\u00eda que, seg\u00fan la tradici\u00f3n cat\u00f3lica significa que fue concebida sin el &#8220;pecado original&#8221;, y se celebra nueve meses antes de la celebraci\u00f3n de la Natividad de la Virgen el 8 de septiembre.<\/p>\n\n\n\n<p>Esta festividad se celebr\u00f3 por primera vez en Espa\u00f1a en el a\u00f1o 1644, pero fue declarada como d\u00eda festivo en 1854 por el Papa P\u00edo IX.<\/p>\n\n\n\n<p>En la Argentina, el 8 de diciembre fue incorporado a la n\u00f3mina de feriados nacionales con la sanci\u00f3n de la ley 24.445 el 23 de diciembre de 1994, durante el gobierno de Carlos Menem.<\/p>\n","protected":false},"excerpt":{"rendered":"<p>El Sumo Pont\u00edfice pronunci\u00f3 la tradicional oraci\u00f3n mariana en el marco del D\u00eda de la Inmaculada Concepci\u00f3n de la Sant\u00edsima Virgen Mar\u00eda, que se conmemora este viernes.\u00a0&#8220;Es con su fidelidad&hellip; <\/p>\n","protected":false},"author":6,"featured_media":108894,"comment_status":"closed","ping_status":"open","sticky":false,"template":"","format":"standard","meta":{"footnotes":""},"categories":[11],"tags":[],"class_list":["post-108893","post","type-post","status-publish","format-standard","has-post-thumbnail","hentry","category-internacionales"],"_links":{"self":[{"href":"https:\/\/corrientesdetarde.com\/index.php\/wp-json\/wp\/v2\/posts\/108893","targetHints":{"allow":["GET"]}}],"collection":[{"href":"https:\/\/corrientesdetarde.com\/index.php\/wp-json\/wp\/v2\/posts"}],"about":[{"href":"https:\/\/corrientesdetarde.com\/index.php\/wp-json\/wp\/v2\/types\/post"}],"author":[{"embeddable":true,"href":"https:\/\/corrientesdetarde.com\/index.php\/wp-json\/wp\/v2\/users\/6"}],"replies":[{"embeddable":true,"href":"https:\/\/corrientesdetarde.com\/index.php\/wp-json\/wp\/v2\/comments?post=108893"}],"version-history":[{"count":1,"href":"https:\/\/corrientesdetarde.com\/index.php\/wp-json\/wp\/v2\/posts\/108893\/revisions"}],"predecessor-version":[{"id":108895,"href":"https:\/\/corrientesdetarde.com\/index.php\/wp-json\/wp\/v2\/posts\/108893\/revisions\/108895"}],"wp:featuredmedia":[{"embeddable":true,"href":"https:\/\/corrientesdetarde.com\/index.php\/wp-json\/wp\/v2\/media\/108894"}],"wp:attachment":[{"href":"https:\/\/corrientesdetarde.com\/index.php\/wp-json\/wp\/v2\/media?parent=108893"}],"wp:term":[{"taxonomy":"category","embeddable":true,"href":"https:\/\/corrientesdetarde.com\/index.php\/wp-json\/wp\/v2\/categories?post=108893"},{"taxonomy":"post_tag","embeddable":true,"href":"https:\/\/corrientesdetarde.com\/index.php\/wp-json\/wp\/v2\/tags?post=108893"}],"curies":[{"name":"wp","href":"https:\/\/api.w.org\/{rel}","templated":true}]}}