{"id":108896,"date":"2023-12-08T21:19:47","date_gmt":"2023-12-09T00:19:47","guid":{"rendered":"https:\/\/corrientesdetarde.com\/?p=108896"},"modified":"2023-12-08T21:19:59","modified_gmt":"2023-12-09T00:19:59","slug":"la-reunion-secreta-entre-javier-milei-y-sergio-massa-antes-de-la-asuncion","status":"publish","type":"post","link":"https:\/\/corrientesdetarde.com\/index.php\/politica\/la-reunion-secreta-entre-javier-milei-y-sergio-massa-antes-de-la-asuncion\/","title":{"rendered":"La reuni\u00f3n secreta entre Javier Milei y Sergio Massa antes de la asunci\u00f3n."},"content":{"rendered":"\n<h2 class=\"wp-block-heading\">Se realiz\u00f3 el domingo pasado y no hab\u00eda trascendido hasta el momento. C\u00f3mo se acord\u00f3 y qui\u00e9nes acompa\u00f1aron al presidente electo y el ministro saliente.<\/h2>\n\n\n\n<p>No fue a cara de perro. \u201cAl contrario, fue un encuentro ameno. Y largo, se habl\u00f3 mucho y de temas centrales, como correspond\u00eda al nivel de la reuni\u00f3n\u201d, dijo alguien que conoce bien a las partes, ambos protagonistas centrales de la pol\u00edtica argentina.<\/p>\n\n\n\n<p>D\u00edas atr\u00e1s mantuvieron una cumbre secreta el presidente electo,<strong>\u00a0Javier Milei,<\/strong>\u00a0y su contrincante en el balotaje y ministro de Econom\u00eda,\u00a0<strong>Sergio Massa<\/strong>.<\/p>\n\n\n\n<p>Fue un desayuno de tres horas, el domingo pasado, y en lugar neutral. Ninguna de las partes quiso dar detalles de la locaci\u00f3n elegida, pero se remarc\u00f3 el car\u00e1cter de \u201cneutral\u201d. \u00bfHubo fotos? No, dicen de manera contundente desde una de las partes.<\/p>\n\n\n\n<p>\u201cFue un encuentro serio, pero cordial. Con carpetas y papeles sobre la mesa\u201d, dijeron cerca de Massa. El ministro estuvo acompa\u00f1ado por dos de sus hombres de confianza, el actual titular de la Aduana,<strong>\u00a0Guillermo Michel<\/strong>, y qui\u00e9n fue su jefe de campa\u00f1a,\u00a0<strong>Juan Manuel Olmos<\/strong>. El presidente electo estuvo secundado por su hermana,\u00a0<strong>Karina Milei<\/strong>.<\/p>\n\n\n\n<p>Se habl\u00f3 de la transici\u00f3n. Algunos de los temas que se tocaron fueron el cierre de cuentas de la gesti\u00f3n Massa, temas vinculados a la relaci\u00f3n con el FMI, la pr\u00f3xima revisi\u00f3n t\u00e9cnica con el organismo y el&nbsp;<em>staff level agreement<\/em>&nbsp;que viene; tambi\u00e9n al v\u00ednculo con China, Qatar y la CAF, tres prestamistas que \u201csocorrieron\u201d al pa\u00eds en algunos de los \u00faltimos pagos que se realizaron a mediados de este mes.<\/p>\n\n\n\n<p><img loading=\"lazy\" decoding=\"async\" alt=\"Javier y Karina Milei (AP Foto\/Natacha Pisarenko)\" height=\"3354\" width=\"5031\" src=\"https:\/\/www.infobae.com\/new-resizer\/pjAjr5_0du5YTgxZJAi-XwE7GhA=\/420x280\/filters:format(webp):quality(85)\/cloudfront-us-east-1.images.arcpublishing.com\/infobae\/CKPYGJV7ZMN6OV2NJ3OKDOJIOM.jpg%20420w\" srcset=\"https:\/\/www.infobae.com\/new-resizer\/pjAjr5_0du5YTgxZJAi-XwE7GhA=\/420x280\/filters:format(webp):quality(85)\/cloudfront-us-east-1.images.arcpublishing.com\/infobae\/CKPYGJV7ZMN6OV2NJ3OKDOJIOM.jpg 420w,https:\/\/www.infobae.com\/new-resizer\/FY1Dr5_kDxP-xZMcXD6IoqHqMFs=\/768x512\/filters:format(webp):quality(85)\/cloudfront-us-east-1.images.arcpublishing.com\/infobae\/CKPYGJV7ZMN6OV2NJ3OKDOJIOM.jpg 768w,https:\/\/www.infobae.com\/new-resizer\/cpyfhrdJw3VTwlS81PQq91ZHO2U=\/992x661\/filters:format(webp):quality(85)\/cloudfront-us-east-1.images.arcpublishing.com\/infobae\/CKPYGJV7ZMN6OV2NJ3OKDOJIOM.jpg 992w,https:\/\/www.infobae.com\/new-resizer\/R0az416ohSPJeazpiVztLnrFofk=\/1200x800\/filters:format(webp):quality(85)\/cloudfront-us-east-1.images.arcpublishing.com\/infobae\/CKPYGJV7ZMN6OV2NJ3OKDOJIOM.jpg 1200w,https:\/\/www.infobae.com\/new-resizer\/aI8GIoqRdOA_XUQwRcioiFepIaA=\/1440x960\/filters:format(webp):quality(85)\/cloudfront-us-east-1.images.arcpublishing.com\/infobae\/CKPYGJV7ZMN6OV2NJ3OKDOJIOM.jpg 1440w\">Javier y Karina Milei (AP Foto\/Natacha Pisarenko)<\/p>\n\n\n\n<p>\u201cArgentina tiene por cobrar del FMI USD 2.300 millones si apuran el SLA. Otras de las cosas que hicimos fue facilitar y aceitar la relaci\u00f3n que ya tenemos con en relaci\u00f3n a Qatar y el\u00a0<em>swap\u00a0<\/em>chino; todas cuestiones operativas importantes y vitales en la transici\u00f3n\u201d, dijeron cerca de Massa.<\/p>\n\n\n\n<p>Con respecto a la continuidad de funcionarios \u201cdel ri\u00f1\u00f3n\u201d de Massa, en las \u00faltimas horas trascendi\u00f3 que hay dos nombres que podr\u00edan seguir en el gobierno de Milei: el mencionado Michel y&nbsp;<strong>Leonardo Madcur<\/strong>, jefe de gabinete ministerial quien renunci\u00f3 ayer a su cargo.<\/p>\n\n\n\n<p>Con respecto a Madcur, en Hacienda reconocen que de la reuni\u00f3n surgi\u00f3 un pedido de parte de LLA para que el funcionario contin\u00fae a cargo del v\u00ednculo con los multilaterales, sobre todo con el FMI. \u201cEs a modo de colaboraci\u00f3n, hasta que se estabilicen. S\u00f3lo para los pr\u00f3ximos meses\u201d, dijeron esta tarde a&nbsp;<strong>Infobae<\/strong>. Por otro lado, la agencia Reuters confirm\u00f3 que Madcur seguir\u00e1 en funciones y ser\u00e1 el pr\u00f3ximo director argentino en el FMI designado por Milei.<\/p>\n\n\n\n<p>\u201cEl papel del representante del pa\u00eds ser\u00e1 clave en los pr\u00f3ximos meses, ya que el programa ahora est\u00e1 desviado despu\u00e9s de no alcanzar varios objetivos. Argentina es el mayor prestatario del FMI. Madcur tambi\u00e9n form\u00f3 parte del equipo que trabaj\u00f3 en la transici\u00f3n de Massa a&nbsp;<strong>Luis Caputo\u201d<\/strong>, dijo Reuters.<\/p>\n\n\n\n<p>Efectivamente, el mi\u00e9rcoles pasado, se vio a Madcur en el edificio de la avenida del Libertador al 600, las oficinas de Mariano Cuneo Libarona, futuro ministro de Justicia. All\u00ed Caputo recibi\u00f3 a Madcur,&nbsp;<strong>Federico Sturzenegger,<\/strong>&nbsp;<strong>Santiago Bausili&nbsp;<\/strong>y otros economistas de sus equipos t\u00e9cnicos, como&nbsp;<strong>Mart\u00edn Vauthier<\/strong>&nbsp;y&nbsp;<strong>Pablo Quirno<\/strong>, y a cerca de las 16 lleg\u00f3 el propio Milei para sumarse a las reuniones.<\/p>\n\n\n\n<p><img loading=\"lazy\" decoding=\"async\" alt=\"Madcur, Massa y Michel, en un viaje a Washington a comienzos de este a\u00f1o\" height=\"1080\" width=\"1920\" src=\"https:\/\/www.infobae.com\/new-resizer\/wCqwp2D9ecWiZp4Qxaj8HIdJLZc=\/420x236\/filters:format(webp):quality(85)\/cloudfront-us-east-1.images.arcpublishing.com\/infobae\/O2NXLFQBHJHRTIHXRNIZCJEY7I.jpg%20420w\" srcset=\"https:\/\/www.infobae.com\/new-resizer\/wCqwp2D9ecWiZp4Qxaj8HIdJLZc=\/420x236\/filters:format(webp):quality(85)\/cloudfront-us-east-1.images.arcpublishing.com\/infobae\/O2NXLFQBHJHRTIHXRNIZCJEY7I.jpg 420w,https:\/\/www.infobae.com\/new-resizer\/JryWkznLZ9HKAWvz9eh8oaXqiHk=\/768x432\/filters:format(webp):quality(85)\/cloudfront-us-east-1.images.arcpublishing.com\/infobae\/O2NXLFQBHJHRTIHXRNIZCJEY7I.jpg 768w,https:\/\/www.infobae.com\/new-resizer\/-YdjAn9fIUajb4sE4waG5zETH4E=\/992x558\/filters:format(webp):quality(85)\/cloudfront-us-east-1.images.arcpublishing.com\/infobae\/O2NXLFQBHJHRTIHXRNIZCJEY7I.jpg 992w,https:\/\/www.infobae.com\/new-resizer\/2fe3lqbF9_LhOTZI4rmokk-rpLM=\/1200x675\/filters:format(webp):quality(85)\/cloudfront-us-east-1.images.arcpublishing.com\/infobae\/O2NXLFQBHJHRTIHXRNIZCJEY7I.jpg 1200w,https:\/\/www.infobae.com\/new-resizer\/fGygt1PYcB4pBVJNrymvCiLfd08=\/1440x810\/filters:format(webp):quality(85)\/cloudfront-us-east-1.images.arcpublishing.com\/infobae\/O2NXLFQBHJHRTIHXRNIZCJEY7I.jpg 1440w\">Madcur, Massa y Michel, en un viaje a Washington a comienzos de este a\u00f1o<\/p>\n\n\n\n<p>Con respecto a Michel, el titular de la Aduana asegura que se quedar\u00e1 hasta que haga falta, pero solo como enlace. No ser\u00e1 parte del gobierno de Milei.<\/p>\n\n\n\n<p>\u201cMe quedo en la transici\u00f3n, por la firma. Gan\u00f3 Milei, que aplique su programa de gobierno. Yo me voy a quedar hasta que se nombre a alguien en el \u00e1rea y est\u00e9 todo funcionando. Vamos a colaborar en todo, hay temas operativos muy sensibles. La colaboraci\u00f3n ser\u00e1 total\u201d, se escuch\u00f3 decir a Michel a sus colaboradores m\u00e1s cercanos.<\/p>\n\n\n\n<p>Michel tiene muy buena relaci\u00f3n con&nbsp;<strong>Florencia Misrahi<\/strong>,quien fue confirmada hoy comojefa de la Administraci\u00f3n Federal de Ingresos P\u00fablicos (AFIP), la agencia m\u00e1s grande del estado nacional. La conoce desde hace m\u00e1s de 20 a\u00f1os, cuando fueron compa\u00f1eros de estudio de derecho tributario en la Universidad Austral.<\/p>\n\n\n\n<h2 class=\"wp-block-heading\">\u00bfNo hay plata?<\/h2>\n\n\n\n<p><a rel=\"noreferrer noopener\" href=\"https:\/\/www.infobae.com\/economia\/2023\/12\/08\/massa-publico-sus-numeros-finales-asegura-que-milei-recibira-fondos-para-pagar-sueldos-jubilaciones-aguinaldos-y-deuda\/\" target=\"_blank\">Seg\u00fan adelant\u00f3 hoy&nbsp;<strong>Infobae<\/strong><\/a>, Massa public\u00f3 esta ma\u00f1ana el informe \u201cEstado de Situaci\u00f3n Financiera al cierre del a\u00f1o 2023 Diciembre, 2023\u2033. El&nbsp;<em>paper&nbsp;<\/em>busca demostrar que no es cierta la idea de que le deja las arcas vac\u00edas a Milei.<\/p>\n\n\n\n<p>Lo firman Massa y&nbsp;<strong>Ra\u00fal Rigo<\/strong>, su secretario de Hacienda, y detalla que \u201ces menester mencionar por parte de las autoridades de este Ministerio que, bajo el supuesto de&nbsp;<em>roll-over<\/em>&nbsp;de los vencimientos en pesos programados para el mes de diciembre, el Tesoro Nacional cuenta con los fondos necesarios para financiar el programa de pagos de dicho mes, teniendo en consideraci\u00f3n que el 80% del gasto total est\u00e1 representado por gastos prioritarios, tales como sueldos y salarios, pasividades, programas sociales y subsidios econ\u00f3micos\u201d.<\/p>\n\n\n\n<p>El documento, de dos p\u00e1ginas, incluye un cuadro en el que se mencionan \u201cPartidas prioritarias cubiertas al cierre del a\u00f1o en curso\u201d. As\u00ed, Massa asegura que le deja a la administraci\u00f3n que llega casi $2,5 billones para sus primeros d\u00edas de gesti\u00f3n, y con una previsi\u00f3n a fin del mes de diciembre:<\/p>\n\n\n\n<p>\u2013 $250.000 millones para sueldo de la administraci\u00f3n nacional;<\/p>\n\n\n\n<p>\u2013 $235.000 millones para aguinaldos;<\/p>\n\n\n\n<p>\u2013 $1,48 billones para prestaciones sociales, pago asociados a jubilaciones, pensiones, Potenciar Trabajo, Tarjeta Alimentaria, etc.;<\/p>\n\n\n\n<p>\u2013 $328.000 millones para \u201ccomprar divisas y atender la deuda p\u00fablica\u201d; y<\/p>\n\n\n\n<p>\u2013 $200.000 millones para \u201cotros pagos\u201d, entre ellos subsidios energ\u00e9ticos y de transporte.<\/p>\n\n\n\n<p><\/p>\n","protected":false},"excerpt":{"rendered":"<p>Se realiz\u00f3 el domingo pasado y no hab\u00eda trascendido hasta el momento. C\u00f3mo se acord\u00f3 y qui\u00e9nes acompa\u00f1aron al presidente electo y el ministro saliente. No fue a cara de&hellip; <\/p>\n","protected":false},"author":6,"featured_media":108897,"comment_status":"closed","ping_status":"open","sticky":false,"template":"","format":"standard","meta":{"footnotes":""},"categories":[3],"tags":[],"class_list":["post-108896","post","type-post","status-publish","format-standard","has-post-thumbnail","hentry","category-politica"],"_links":{"self":[{"href":"https:\/\/corrientesdetarde.com\/index.php\/wp-json\/wp\/v2\/posts\/108896","targetHints":{"allow":["GET"]}}],"collection":[{"href":"https:\/\/corrientesdetarde.com\/index.php\/wp-json\/wp\/v2\/posts"}],"about":[{"href":"https:\/\/corrientesdetarde.com\/index.php\/wp-json\/wp\/v2\/types\/post"}],"author":[{"embeddable":true,"href":"https:\/\/corrientesdetarde.com\/index.php\/wp-json\/wp\/v2\/users\/6"}],"replies":[{"embeddable":true,"href":"https:\/\/corrientesdetarde.com\/index.php\/wp-json\/wp\/v2\/comments?post=108896"}],"version-history":[{"count":1,"href":"https:\/\/corrientesdetarde.com\/index.php\/wp-json\/wp\/v2\/posts\/108896\/revisions"}],"predecessor-version":[{"id":108898,"href":"https:\/\/corrientesdetarde.com\/index.php\/wp-json\/wp\/v2\/posts\/108896\/revisions\/108898"}],"wp:featuredmedia":[{"embeddable":true,"href":"https:\/\/corrientesdetarde.com\/index.php\/wp-json\/wp\/v2\/media\/108897"}],"wp:attachment":[{"href":"https:\/\/corrientesdetarde.com\/index.php\/wp-json\/wp\/v2\/media?parent=108896"}],"wp:term":[{"taxonomy":"category","embeddable":true,"href":"https:\/\/corrientesdetarde.com\/index.php\/wp-json\/wp\/v2\/categories?post=108896"},{"taxonomy":"post_tag","embeddable":true,"href":"https:\/\/corrientesdetarde.com\/index.php\/wp-json\/wp\/v2\/tags?post=108896"}],"curies":[{"name":"wp","href":"https:\/\/api.w.org\/{rel}","templated":true}]}}