{"id":108899,"date":"2023-12-08T21:22:50","date_gmt":"2023-12-09T00:22:50","guid":{"rendered":"https:\/\/corrientesdetarde.com\/?p=108899"},"modified":"2023-12-08T21:22:59","modified_gmt":"2023-12-09T00:22:59","slug":"sacaron-la-estatua-de-nestor-kirchner-para-evitar-que-la-vandalicen","status":"publish","type":"post","link":"https:\/\/corrientesdetarde.com\/index.php\/informacion-general\/sacaron-la-estatua-de-nestor-kirchner-para-evitar-que-la-vandalicen\/","title":{"rendered":"Sacaron la estatua de N\u00e9stor Kirchner para evitar que la vandalicen."},"content":{"rendered":"\n<h2 class=\"wp-block-heading\">Seg\u00fan informaron fuentes del espacio cultural, el traspaso fue por temor a que sufra alg\u00fan tipo de vandalismo.<\/h2>\n\n\n\n<p>La estatua de N\u00e9stor Kirchner fue retirada del hall de entrada del CCK. Se trata del monumento que recuerda al expresidente como primer secretario general de la Uni\u00f3n de Naciones Sudamericanas (Unasur), y fue inaugurada en diciembre de 2014. Kirchner ocup\u00f3 ese cargo por unos meses, hasta su muerte en 2010. Ahora, la escultura fue trasladada en el Polideportivo de Quilmes, un lugar seguro para evitar actos de vandalismo.<\/p>\n\n\n\n<p>El monumento hab\u00eda sido realizado por el artista argentino&nbsp;Miguel Ger\u00f3nimo Villalba&nbsp;para&nbsp;Uni\u00f3n de Naciones Sudamericanas&nbsp;(Unasur) con motivo de homenajear al presidente argentino que falleci\u00f3 en el 2010. La estatua estuvo en la sede de Unasur en Quito hasta que Len\u00edn Moreno lleg\u00f3 a la presidencia de Ecuador y&nbsp;cerr\u00f3 la sede de Unasur.<\/p>\n\n\n\n<figure class=\"wp-block-image\"><a href=\"https:\/\/www.radiosudamericana.com\/notix\/multimedia\/imagenes\/fotos\/2023-12-08\/103458.jpeg\"><img decoding=\"async\" src=\"https:\/\/www.radiosudamericana.com\/notix\/multimedia\/imagenes\/fotos\/2023-12-08\/103458.jpeg_nota.jpeg\" alt=\"\"\/><\/a><\/figure>\n\n\n\n<p>En el 2020 la estatua fue restaurada con un ba\u00f1o de bronce por su autor y emplazada en la entrada del CCK.&nbsp;\u201cAl cumplirse un a\u00f1o de nuestro triunfo electoral y diez a\u00f1os de la desaparici\u00f3n de N\u00e9stor, nos parece una buena oportunidad para homenajearlo\u201d, dijo el presidente Alberto Fern\u00e1ndez el d\u00eda que inaugur\u00f3 el monumento.<\/p>\n\n\n\n<p>En el medio, hubo intentos infructuosos por entregar la estatua a la embajada argentina en Ecuador,&nbsp;en tiempos de la presidencia de Mauricio Macri. La explicaci\u00f3n oficial era que se trataba de patrimonio donado por el Estado argentino a Ecuador.<\/p>\n\n\n\n<figure class=\"wp-block-image\"><a href=\"https:\/\/www.radiosudamericana.com\/notix\/multimedia\/imagenes\/fotos\/2023-12-08\/294308.jpeg\"><img decoding=\"async\" src=\"https:\/\/www.radiosudamericana.com\/notix\/multimedia\/imagenes\/fotos\/2023-12-08\/294308.jpeg_nota.jpeg\" alt=\"\"\/><\/a><\/figure>\n\n\n\n<p>Seg\u00fan informaron fuentes del espacio cultural, el retiro de la estatua y su traslado al municipio de Quilmes, donde gobierna la intendenta de La C\u00e1mpora&nbsp;Mayra Mendoza, se realiz\u00f3 para resguardarla de posibles ataques.<\/p>\n","protected":false},"excerpt":{"rendered":"<p>Seg\u00fan informaron fuentes del espacio cultural, el traspaso fue por temor a que sufra alg\u00fan tipo de vandalismo. La estatua de N\u00e9stor Kirchner fue retirada del hall de entrada del&hellip; <\/p>\n","protected":false},"author":6,"featured_media":108900,"comment_status":"closed","ping_status":"open","sticky":false,"template":"","format":"standard","meta":{"footnotes":""},"categories":[1],"tags":[],"class_list":["post-108899","post","type-post","status-publish","format-standard","has-post-thumbnail","hentry","category-informacion-general"],"_links":{"self":[{"href":"https:\/\/corrientesdetarde.com\/index.php\/wp-json\/wp\/v2\/posts\/108899","targetHints":{"allow":["GET"]}}],"collection":[{"href":"https:\/\/corrientesdetarde.com\/index.php\/wp-json\/wp\/v2\/posts"}],"about":[{"href":"https:\/\/corrientesdetarde.com\/index.php\/wp-json\/wp\/v2\/types\/post"}],"author":[{"embeddable":true,"href":"https:\/\/corrientesdetarde.com\/index.php\/wp-json\/wp\/v2\/users\/6"}],"replies":[{"embeddable":true,"href":"https:\/\/corrientesdetarde.com\/index.php\/wp-json\/wp\/v2\/comments?post=108899"}],"version-history":[{"count":1,"href":"https:\/\/corrientesdetarde.com\/index.php\/wp-json\/wp\/v2\/posts\/108899\/revisions"}],"predecessor-version":[{"id":108901,"href":"https:\/\/corrientesdetarde.com\/index.php\/wp-json\/wp\/v2\/posts\/108899\/revisions\/108901"}],"wp:featuredmedia":[{"embeddable":true,"href":"https:\/\/corrientesdetarde.com\/index.php\/wp-json\/wp\/v2\/media\/108900"}],"wp:attachment":[{"href":"https:\/\/corrientesdetarde.com\/index.php\/wp-json\/wp\/v2\/media?parent=108899"}],"wp:term":[{"taxonomy":"category","embeddable":true,"href":"https:\/\/corrientesdetarde.com\/index.php\/wp-json\/wp\/v2\/categories?post=108899"},{"taxonomy":"post_tag","embeddable":true,"href":"https:\/\/corrientesdetarde.com\/index.php\/wp-json\/wp\/v2\/tags?post=108899"}],"curies":[{"name":"wp","href":"https:\/\/api.w.org\/{rel}","templated":true}]}}