{"id":108974,"date":"2023-12-09T11:03:45","date_gmt":"2023-12-09T14:03:45","guid":{"rendered":"https:\/\/corrientesdetarde.com\/?p=108974"},"modified":"2023-12-09T11:13:46","modified_gmt":"2023-12-09T14:13:46","slug":"lanzaron-microcreditos-de-hasta-600-000-para-egresados-universitarios","status":"publish","type":"post","link":"https:\/\/corrientesdetarde.com\/index.php\/informacion-general\/lanzaron-microcreditos-de-hasta-600-000-para-egresados-universitarios\/","title":{"rendered":"Lanzaron microcr\u00e9ditos de hasta $600.000 para egresados universitarios"},"content":{"rendered":"\n<p>J\u00f3venes profesionales podr\u00e1n acceder a la nueva l\u00ednea de cr\u00e9ditos lanzada por el Municipio. A trav\u00e9s del proyecto Emprender Ciudad, los egresados universitarios (hasta dos a\u00f1os de antig\u00fcedad) tendr\u00e1n la oportunidad de recibir un pr\u00e9stamo de hasta $600.000 a tasas promocionales, con un plazo de devoluci\u00f3n de 24 meses para desarrollar sus emprendimientos.&nbsp;<\/p>\n\n\n\n<p>La iniciativa busca que los graduados universitarios que se hayan recibido en los \u00faltimos dos a\u00f1os (desde la fecha de emisi\u00f3n del t\u00edtulo) tengan una herramienta que les permita comenzar el ejercicio de su profesi\u00f3n. &nbsp;El pr\u00e9stamo proviene de los Fondos de Desarrollo Local (Fodel) una herramienta destinada a promover emprendedores en la ciudad de Corrientes y cuenta con un plan de pago accesible para fomentar la actividad.&nbsp;<\/p>\n\n\n\n<p>El secretario de Desarrollo Econ\u00f3mico municipal, Juan Esteban Maldonado Yonna, se\u00f1al\u00f3 que \u201cson microcr\u00e9ditos de hasta 600.000 pesos, con tasas promocionales y 24 meses de plazo de devoluci\u00f3n, as\u00ed que son accesibles como para poder dar el primer envi\u00f3n, esos primeros pasos, y obviamente esperamos que a partir de estas herramientas puedan fortalecerse para poder luego ser protagonistas del desarrollo en la ciudad\u201d.<\/p>\n\n\n\n<p>Los interesados pueden acercarse a la Secretar\u00eda de Desarrollo Econ\u00f3mico, ubicada en 25 de Mayo 730.<\/p>\n\n\n\n<p>Para m\u00e1s informaci\u00f3n pueden acceder a www.ciudaddecorrientes.gov.ar en la secci\u00f3n de Tr\u00e1mites Pymes y Emprendedores, o comunicarse a los correos: fomentopymes@ciudaddecorrientes.gov.ar \/ pymesyemprendedores@ciudaddecorrientes.gov.ar<\/p>\n","protected":false},"excerpt":{"rendered":"<p>J\u00f3venes profesionales podr\u00e1n acceder a la nueva l\u00ednea de cr\u00e9ditos lanzada por el Municipio. A trav\u00e9s del proyecto Emprender Ciudad, los egresados universitarios (hasta dos a\u00f1os de antig\u00fcedad) tendr\u00e1n la&hellip; <\/p>\n","protected":false},"author":3,"featured_media":83472,"comment_status":"closed","ping_status":"open","sticky":false,"template":"","format":"standard","meta":{"footnotes":""},"categories":[1],"tags":[],"class_list":["post-108974","post","type-post","status-publish","format-standard","has-post-thumbnail","hentry","category-informacion-general"],"_links":{"self":[{"href":"https:\/\/corrientesdetarde.com\/index.php\/wp-json\/wp\/v2\/posts\/108974","targetHints":{"allow":["GET"]}}],"collection":[{"href":"https:\/\/corrientesdetarde.com\/index.php\/wp-json\/wp\/v2\/posts"}],"about":[{"href":"https:\/\/corrientesdetarde.com\/index.php\/wp-json\/wp\/v2\/types\/post"}],"author":[{"embeddable":true,"href":"https:\/\/corrientesdetarde.com\/index.php\/wp-json\/wp\/v2\/users\/3"}],"replies":[{"embeddable":true,"href":"https:\/\/corrientesdetarde.com\/index.php\/wp-json\/wp\/v2\/comments?post=108974"}],"version-history":[{"count":1,"href":"https:\/\/corrientesdetarde.com\/index.php\/wp-json\/wp\/v2\/posts\/108974\/revisions"}],"predecessor-version":[{"id":108978,"href":"https:\/\/corrientesdetarde.com\/index.php\/wp-json\/wp\/v2\/posts\/108974\/revisions\/108978"}],"wp:featuredmedia":[{"embeddable":true,"href":"https:\/\/corrientesdetarde.com\/index.php\/wp-json\/wp\/v2\/media\/83472"}],"wp:attachment":[{"href":"https:\/\/corrientesdetarde.com\/index.php\/wp-json\/wp\/v2\/media?parent=108974"}],"wp:term":[{"taxonomy":"category","embeddable":true,"href":"https:\/\/corrientesdetarde.com\/index.php\/wp-json\/wp\/v2\/categories?post=108974"},{"taxonomy":"post_tag","embeddable":true,"href":"https:\/\/corrientesdetarde.com\/index.php\/wp-json\/wp\/v2\/tags?post=108974"}],"curies":[{"name":"wp","href":"https:\/\/api.w.org\/{rel}","templated":true}]}}