{"id":109225,"date":"2023-12-10T18:50:56","date_gmt":"2023-12-10T21:50:56","guid":{"rendered":"https:\/\/corrientesdetarde.com\/?p=109225"},"modified":"2023-12-10T18:51:00","modified_gmt":"2023-12-10T21:51:00","slug":"la-candidata-de-la-oposicion-de-venezuela-le-envio-un-inesperado-mensaje-a-milei","status":"publish","type":"post","link":"https:\/\/corrientesdetarde.com\/index.php\/internacionales\/la-candidata-de-la-oposicion-de-venezuela-le-envio-un-inesperado-mensaje-a-milei\/","title":{"rendered":"La candidata de la oposici\u00f3n de Venezuela le envi\u00f3 un inesperado mensaje a Milei."},"content":{"rendered":"\n<h2 class=\"wp-block-heading\">Lo hizo a trav\u00e9s de un posteo en su cuenta de Twitter, ahora X.com, en el que llam\u00f3 a \u201creconquistar la libertad\u201d en su pa\u00eds.<\/h2>\n\n\n\n<p>La candidata presidencial opositora de Venezuela,\u00a0Mar\u00eda Corina Machado, felicit\u00f3 a trav\u00e9s de su cuenta oficial de Twitter este domingo a\u00a0Javier Milei\u00a0por su asunci\u00f3n como presidente de la Argentina y asegur\u00f3 que los venezolanos cuentan con el gobierno del flamante mandatario para \u201c<strong>reconquistar la libertad<\/strong>\u201d en el pa\u00eds caribe\u00f1o.<\/p>\n\n\n\n<p>\u201cLos venezolanos contamos con su Gobierno en nuestro prop\u00f3sito de reconquistar la libertad que hoy los argentinos celebran\u201d, expres\u00f3 la dirigente liberal en la red social X, en un mensaje que acompa\u00f1\u00f3 con una fotograf\u00eda de Milei y de la nueva vicepresidenta argentina,\u00a0<strong>Victoria Villarruel<\/strong>.<\/p>\n\n\n\n<p>Machado, que el 19 de noviembre felicit\u00f3 a Milei por el triunfo \u201cde la libertad\u201d en el balotaje de las elecciones presidenciales, consider\u00f3 que el \u201c\u00e9xito de las ideas de la libertad\u201d que pregona el flamante mandatario argentino \u201cser\u00e1 el de todos quienes\u201d luchan por ideales similares en la regi\u00f3n.<\/p>\n\n\n\n<figure class=\"wp-block-image\"><img decoding=\"async\" src=\"https:\/\/tn.com.ar\/resizer\/eYkjGf4vYJpwIdVb-6etvKGbGNU=\/767x0\/smart\/filters:format(webp)\/cloudfront-us-east-1.images.arcpublishing.com\/artear\/7YDHARQ4TNGGTOQADXVGHVT53Y.PNG\" alt=\"El posteo de Mar\u00eda Corina Machado (Foto: X\/@@MariaCorinaYA)\"\/><figcaption>El posteo de Mar\u00eda Corina Machado (Foto: X\/@@MariaCorinaYA)<\/figcaption><\/figure>\n\n\n\n<h2 class=\"wp-block-heading\">Mar\u00eda Corina Machado aspira a derrotar a Nicol\u00e1s Maduro en las elecciones del a\u00f1o pr\u00f3ximo<\/h2>\n\n\n\n<p>La exdiputada venezolana gan\u00f3 las primarias de la oposici\u00f3n, pero est\u00e1 inhabilitada para ocupar cargos p\u00fablicos hasta 2030 por un dictamen de la Contralor\u00eda General. Sin embargo, espera que una negociaci\u00f3n pol\u00edtica le levante esta sanci\u00f3n y as\u00ed poder competir en los pr\u00f3ximos comicios presidenciales, previstos para el segundo semestre de 2024.<\/p>\n\n\n\n<p>El triunfo de Javier Milei fue criticado por el presidente venezolano, Nicol\u00e1s Maduro, quien lo ve como un representante de \u201cla derecha neonazi\u201d y alert\u00f3 sobre una \u201ctremenda amenaza\u201d para la regi\u00f3n. Seg\u00fan el mandatario chavista, el flamante presidente argentino pretende impulsar \u201cun proyecto colonial en toda Am\u00e9rica Latina y el Caribe\u201d.<\/p>\n\n\n\n<p>La llegada al poder de Milei supone una fractura ideol\u00f3gica en las relaciones entre Caracas y Buenos Aires, que atravesaron momentos de tensi\u00f3n durante la Presidencia de Mauricio Macri, pero volvieron a normalizarse durante el mandato de Alberto Fern\u00e1ndez, que concluy\u00f3 este domingo.<\/p>\n\n\n\n<p><\/p>\n\n\n\n<p><em>Fuente: Todo Noticias.<\/em><\/p>\n","protected":false},"excerpt":{"rendered":"<p>Lo hizo a trav\u00e9s de un posteo en su cuenta de Twitter, ahora X.com, en el que llam\u00f3 a \u201creconquistar la libertad\u201d en su pa\u00eds. La candidata presidencial opositora de&hellip; <\/p>\n","protected":false},"author":6,"featured_media":109231,"comment_status":"closed","ping_status":"open","sticky":false,"template":"","format":"standard","meta":{"footnotes":""},"categories":[11],"tags":[],"class_list":["post-109225","post","type-post","status-publish","format-standard","has-post-thumbnail","hentry","category-internacionales"],"_links":{"self":[{"href":"https:\/\/corrientesdetarde.com\/index.php\/wp-json\/wp\/v2\/posts\/109225","targetHints":{"allow":["GET"]}}],"collection":[{"href":"https:\/\/corrientesdetarde.com\/index.php\/wp-json\/wp\/v2\/posts"}],"about":[{"href":"https:\/\/corrientesdetarde.com\/index.php\/wp-json\/wp\/v2\/types\/post"}],"author":[{"embeddable":true,"href":"https:\/\/corrientesdetarde.com\/index.php\/wp-json\/wp\/v2\/users\/6"}],"replies":[{"embeddable":true,"href":"https:\/\/corrientesdetarde.com\/index.php\/wp-json\/wp\/v2\/comments?post=109225"}],"version-history":[{"count":1,"href":"https:\/\/corrientesdetarde.com\/index.php\/wp-json\/wp\/v2\/posts\/109225\/revisions"}],"predecessor-version":[{"id":109232,"href":"https:\/\/corrientesdetarde.com\/index.php\/wp-json\/wp\/v2\/posts\/109225\/revisions\/109232"}],"wp:featuredmedia":[{"embeddable":true,"href":"https:\/\/corrientesdetarde.com\/index.php\/wp-json\/wp\/v2\/media\/109231"}],"wp:attachment":[{"href":"https:\/\/corrientesdetarde.com\/index.php\/wp-json\/wp\/v2\/media?parent=109225"}],"wp:term":[{"taxonomy":"category","embeddable":true,"href":"https:\/\/corrientesdetarde.com\/index.php\/wp-json\/wp\/v2\/categories?post=109225"},{"taxonomy":"post_tag","embeddable":true,"href":"https:\/\/corrientesdetarde.com\/index.php\/wp-json\/wp\/v2\/tags?post=109225"}],"curies":[{"name":"wp","href":"https:\/\/api.w.org\/{rel}","templated":true}]}}