{"id":109253,"date":"2023-12-10T20:27:27","date_gmt":"2023-12-10T23:27:27","guid":{"rendered":"https:\/\/corrientesdetarde.com\/?p=109253"},"modified":"2023-12-10T20:27:38","modified_gmt":"2023-12-10T23:27:38","slug":"milei-redujo-a-nueve-las-carteras-de-gobierno-y-tomo-juramento-a-sus-ministros","status":"publish","type":"post","link":"https:\/\/corrientesdetarde.com\/index.php\/politica\/milei-redujo-a-nueve-las-carteras-de-gobierno-y-tomo-juramento-a-sus-ministros\/","title":{"rendered":"Milei redujo a nueve las carteras de Gobierno y tom\u00f3 juramento a sus ministros"},"content":{"rendered":"\n<p>(TELAM) &#8211; El presidente Javier Milei firm\u00f3 hoy un decreto para reducir a nueve el total de los ministerios que funcionar\u00e1n en su Gobierno y tom\u00f3 juramento a los ministros del Gabinete Nacional en el Sal\u00f3n Blanco de la Casa Rosada, durante una ceremonia en la que no se permiti\u00f3 el acceso a los periodistas ni fue transmitida en directo al p\u00fablico.<\/p>\n\n\n\n<p>La reducci\u00f3n de carteras fue confirmada por la Oficina del Presidente Javier Milei en su cuenta de la red social X, mientras por fuentes oficiales se dej\u00f3 trascender el nuevo organigrama.<\/p>\n\n\n\n<p>El equipo que estar\u00e1 junto al flamante mandatario ser\u00e1 coordinado por Nicol\u00e1s Posse, quien se desempe\u00f1ar\u00e1 como Jefe de Gabinete.<\/p>\n\n\n\n<p>Diana Mondino estar\u00e1 a cargo de la Canciller\u00eda, Luis Caputo del Ministerio de Econom\u00eda y Guillermo Francos de la cartera de Interior.<\/p>\n\n\n\n<p>El flamante Ministerio de Capital Humano estar\u00e1 conducido por Sandra Pettovello; Mario Russo dirigir\u00e1 la cartera de Salud, Mariano C\u00faneo Libarona estar\u00e1 a cargo del Ministerio de Justicia y Guillermo Ferraro encabezar\u00e1 Infraestructura.<\/p>\n\n\n\n<p>Y los integrantes de la f\u00f3rmula presidencial que compiti\u00f3 por Juntos por el Cambio (JxC), Patricia Bullrich y Luis Petri, juraron como ministros de Seguridad y de Defensa, respectivamente.<\/p>\n\n\n\n<p>Karina Milei, hermana del jefe del Estado, jur\u00f3 como Secretaria General de la Presidencia.<\/p>\n\n\n\n<p>El acto se realiz\u00f3 en el Sal\u00f3n Blanco de la Casa Rosada, el mismo utilizado horas antes para la recepci\u00f3n que Milei hizo a los mandatarios y representantes de gobiernos extranjeros.<\/p>\n\n\n\n<p>De acuerdo a un documento difundido a los medios los compromisos y obligaciones asumidos por el actual ministerio de Ciencia, Tecnolog\u00eda e Innovaci\u00f3n quedar\u00e1n a cargo de la Jefatura de Gabinete de ministros, al igual que la secretar\u00eda de Asuntos Estrat\u00e9gicos.<\/p>\n\n\n\n<p>Por otra parte, el ministerio de Ambiente y Desarrollo Sostenible y la cartera de Turismo y Deporte ser\u00e1n absorbidos por el Ministerio de Interior.<\/p>\n\n\n\n<p>Asimismo, las \u00e1reas de Transporte, Obras P\u00fablicas, y Desarrollo Territorial y Habitat estar\u00e1n bajo la \u00f3rbita del ministerio de Infraestructura.<\/p>\n\n\n\n<p>En tanto, el ministerio de Justicia y Derechos Humanos pasar\u00e1 a denominarse solamente de Justicia, mientras que Educaci\u00f3n, Cultura, Trabajo, Desarrollo Social y Mujeres estar\u00e1n a cargo del Ministerio de Capital Humano.<\/p>\n\n\n\n<p>Dentro de esta cartera funcionar\u00e1 adem\u00e1s el Instituto Nacional de Asociativismo y Econom\u00eda Social (INAES) y el Instituto Nacional de la Agricultura Familiar, Campesina e Ind\u00edgena.<\/p>\n\n\n\n<p>El Servicio Penitenciario Federal dejar\u00e1 de pertenecer a la cartera de Justicia pero continuar\u00e1 dentro del Poder Ejecutivo Nacional al quedar bajo la \u00f3rbita del ministerio de Seguridad, al mando de Patricia Bullrich.<\/p>\n\n\n\n<p>Se cre\u00f3 tambi\u00e9n la Agencia Nacional de Materiales Controlados, ente descentralizado en el \u00e1mbito del ministerio de Seguridad, con autarqu\u00eda econ\u00f3mica financiara, personer\u00eda jur\u00eddica propia y capacidad de actuaci\u00f3n en el derecho p\u00fablico y privado.<\/p>\n\n\n\n<p>Posse es ingeniero industrial, egresado del Instituto Tecnol\u00f3gico de Buenos Aires (ITBA), con estudios en la Universidad de Cambridge.<\/p>\n\n\n\n<p>Fue gerente general de la Unidad de Negocios Sur de Aeropuertos Argentina 2000, del conglomerado Corporaci\u00f3n Am\u00e9rica del empresario Eduardo Eurnekian, y CEO responsable de los Duty Free en los aeropuertos.<\/p>\n\n\n\n<p>Luego estuvo a cargo, por el mismo conglomerado, de la direcci\u00f3n de proyectos en el &#8220;Corredor Bioce\u00e1nico Aconcagua&#8221;, una iniciativa para unir los oc\u00e9anos Atl\u00e1ntico y Pac\u00edfico a trav\u00e9s de un corredor ferroviario de alta tecnolog\u00eda; y luego fue gerente del Aeropuerto de El Palomar.<\/p>\n\n\n\n<p>Mondino es una economista egresada de la Universidad Nacional de C\u00f3rdoba y con una maestr\u00eda en Administraci\u00f3n de Empresas por la Universidad de Navarra, en Espa\u00f1a.<\/p>\n\n\n\n<p>Fue cofundadora de Risk Analysis, una firma calificadora de riesgo que luego fue adquirida por Standard and Poor&#8217;s, a ra\u00edz de lo cual pas\u00f3 a ser la directora de S&amp;P para Am\u00e9rica Latina; y dirigi\u00f3 empresas locales como Pampa Energ\u00eda, Banco Supervielle y Loma Negra.<\/p>\n\n\n\n<p>Hasta ingresar a la pol\u00edtica fue directora de Relaciones Institucionales y profesora de Finanzas de la Universidad (CEMA) y en las \u00faltimas elecciones encabez\u00f3 la lista de diputados nacionales por la Ciudad de Buenos Aires.<\/p>\n\n\n\n<p>Luis &#8220;Toto&#8221; Caputo es licenciado en Econom\u00eda, egresado de la Universidad de Buenos Aires, y profesor de Econom\u00eda y Finanzas en el Posgrado de la Universidad Cat\u00f3lica Argentina.<\/p>\n\n\n\n<p>Fue secretario de Finanzas en el gobierno de Mauricio Macri (2015-2017) y luego trabaj\u00f3 en ese \u00e1mbito con rango de ministro (2017-2018), tras la divisi\u00f3n del Ministerio de Hacienda y Finanzas P\u00fablicas.<\/p>\n\n\n\n<p>Adem\u00e1s fue presidente del Banco Central en 2018, tambi\u00e9n durante el gobierno del l\u00edder del PRO.<\/p>\n\n\n\n<p>En tanto, Francos fue directivo de la Corporaci\u00f3n Am\u00e9rica y a fines de los a\u00f1os &#8217;90 ocup\u00f3 una banca en el Congreso como diputado por Acci\u00f3n por la Rep\u00fablica, el partido que conduc\u00eda el exministro de Econom\u00eda Domingo Cavallo.<\/p>\n\n\n\n<p>Tambi\u00e9n fue presidente del Banco de la Provincia de Buenos Aires durante la gobernaci\u00f3n de Daniel Scioli y represent\u00f3 al gobierno de Alberto Fern\u00e1ndez en el Banco Interamericano de Desarrollo (BID). Luego se convirti\u00f3 en una pieza clave del armado libertario.<\/p>\n\n\n\n<p>Pettovello es licenciada en Periodismo por la Universidad de Belgrano (UB) y licenciada en Ciencias para la Familia de la Universidad Austral, con posgrados en neuropsicoeducaci\u00f3n y pol\u00edticas familiares.<\/p>\n\n\n\n<p>Consultora en orientaci\u00f3n laboral y vocacional, fue vicepresidenta de la Uni\u00f3n del Centro Democr\u00e1tico (Uced\u00e9), partido fundado por el economista \u00c1lvaro Alsogaray en 1982.<\/p>\n\n\n\n<p>En las \u00faltimas elecciones ocup\u00f3 el tercer lugar en la lista de candidatos a diputados nacionales por este espacio en la Ciudad de Buenos Aires.<\/p>\n\n\n\n<p>Russo es un m\u00e9dico cardi\u00f3logo que fue titular de Salud en los municipios bonaerenses de San Miguel y Mor\u00f3n, y con cercan\u00edas pol\u00edticas con el exintendente de San Miguel y exsenador bonaerense Joaqu\u00edn De La Torre.<\/p>\n\n\n\n<p>Tambi\u00e9n estuvo al frente de la direcci\u00f3n de Asuntos Gubernamentales en Aguas y Saneamientos Argentinos (AySA), entre 2020 y 2022, durante la gesti\u00f3n que Malena Galmarini cumpli\u00f3 al frente de esa empresa estatal.<\/p>\n\n\n\n<p>C\u00faneo Libarona es un abogado penalista que adquiri\u00f3 notoriedad en la d\u00e9cada de los &#8217;90 al asumir la representaci\u00f3n legal de Guillermo Coppola, exrepresentante de Diego Armando Maradona.<\/p>\n\n\n\n<p>C\u00faneo Libarona tambi\u00e9n patrocin\u00f3 en causas por presuntos delitos a los hermanos Amira y Emir Yoma, excu\u00f1ados del exmandatario Carlos Menem, entre otras figuras de la vida p\u00fablica de Argentina.<\/p>\n\n\n\n<p>Ferraro tiene una profusa experiencia en cargos p\u00fablicos, tras haber sido subsecretario de Infraestructura y Telecomunicaciones de la provincia de Buenos Aires durante la gesti\u00f3n del exgobernador Antonio Cafiero, entre 1988 y 1991, subsecretario de Industria en la administraci\u00f3n del expresidente Eduardo Duhalde (2002-2003), entre 2005 y 2007 vicepresidente de Naci\u00f3n Servicios (empresa del Grupo Banco Naci\u00f3n), durante la presidencia de N\u00e9stor Kirchner, y asesor del ministerio de Hacienda porte\u00f1o en 2009 en la gesti\u00f3n de Mauricio Macri como alcalde (2007-2015), entre otros.<\/p>\n\n\n\n<p>Bullrich vuelve a ocupar la cartera de Seguridad, que ya hab\u00eda dirigido durante el gobierno del expresidente Mauricio Macri.<\/p>\n\n\n\n<p>La extitular del PRO y excandidata presidencial de Juntos por el Cambio (JxC) fue adem\u00e1s diputada en dos per\u00edodos (1993-1997 y 2007-2015) y ministra de Trabajo y Seguridad Social durante el Gobierno de Fernando De La R\u00faa (1999-2001).<\/p>\n\n\n\n<p>Petri, afiliado a la Uni\u00f3n C\u00edvica Radical, fue compa\u00f1ero de f\u00f3rmula de Bullrich en Juntos por el Cambio en las \u00faltimas elecciones.<\/p>\n\n\n\n<p>Anteriormente hab\u00eda sido diputado provincial en Mendoza (2006-2013) y diputado nacional (2013-2021), adem\u00e1s de ocupar en la C\u00e1mara baja la vicepresidencia segunda (2017-2019).<\/p>\n","protected":false},"excerpt":{"rendered":"<p>(TELAM) &#8211; El presidente Javier Milei firm\u00f3 hoy un decreto para reducir a nueve el total de los ministerios que funcionar\u00e1n en su Gobierno y tom\u00f3 juramento a los ministros&hellip; <\/p>\n","protected":false},"author":11,"featured_media":109254,"comment_status":"closed","ping_status":"open","sticky":false,"template":"","format":"standard","meta":{"footnotes":""},"categories":[3],"tags":[380,1331],"class_list":["post-109253","post","type-post","status-publish","format-standard","has-post-thumbnail","hentry","category-politica","tag-gabinete","tag-ministerios"],"_links":{"self":[{"href":"https:\/\/corrientesdetarde.com\/index.php\/wp-json\/wp\/v2\/posts\/109253","targetHints":{"allow":["GET"]}}],"collection":[{"href":"https:\/\/corrientesdetarde.com\/index.php\/wp-json\/wp\/v2\/posts"}],"about":[{"href":"https:\/\/corrientesdetarde.com\/index.php\/wp-json\/wp\/v2\/types\/post"}],"author":[{"embeddable":true,"href":"https:\/\/corrientesdetarde.com\/index.php\/wp-json\/wp\/v2\/users\/11"}],"replies":[{"embeddable":true,"href":"https:\/\/corrientesdetarde.com\/index.php\/wp-json\/wp\/v2\/comments?post=109253"}],"version-history":[{"count":1,"href":"https:\/\/corrientesdetarde.com\/index.php\/wp-json\/wp\/v2\/posts\/109253\/revisions"}],"predecessor-version":[{"id":109255,"href":"https:\/\/corrientesdetarde.com\/index.php\/wp-json\/wp\/v2\/posts\/109253\/revisions\/109255"}],"wp:featuredmedia":[{"embeddable":true,"href":"https:\/\/corrientesdetarde.com\/index.php\/wp-json\/wp\/v2\/media\/109254"}],"wp:attachment":[{"href":"https:\/\/corrientesdetarde.com\/index.php\/wp-json\/wp\/v2\/media?parent=109253"}],"wp:term":[{"taxonomy":"category","embeddable":true,"href":"https:\/\/corrientesdetarde.com\/index.php\/wp-json\/wp\/v2\/categories?post=109253"},{"taxonomy":"post_tag","embeddable":true,"href":"https:\/\/corrientesdetarde.com\/index.php\/wp-json\/wp\/v2\/tags?post=109253"}],"curies":[{"name":"wp","href":"https:\/\/api.w.org\/{rel}","templated":true}]}}