{"id":109261,"date":"2023-12-10T20:50:20","date_gmt":"2023-12-10T23:50:20","guid":{"rendered":"https:\/\/corrientesdetarde.com\/?p=109261"},"modified":"2023-12-10T20:50:24","modified_gmt":"2023-12-10T23:50:24","slug":"el-enojo-de-la-oposicion-con-milei-por-no-hablar-en-la-asamblea-legislativa","status":"publish","type":"post","link":"https:\/\/corrientesdetarde.com\/index.php\/politica\/el-enojo-de-la-oposicion-con-milei-por-no-hablar-en-la-asamblea-legislativa\/","title":{"rendered":"El enojo de la oposici\u00f3n con Milei por no hablar en la Asamblea Legislativa."},"content":{"rendered":"\n<h2 class=\"wp-block-heading\">Para la oposici\u00f3n, &#8220;no es un buen s\u00edntoma&#8221; que el Presidente no brinde un mensaje al Congreso.<\/h2>\n\n\n\n<p>Diputados nacionales de la oposici\u00f3n cuestionaron al presidente Javier Milei por no hablar ante el Congreso en la Asamblea Legislativa y lo consideraron un mal inicio.<\/p>\n\n\n\n<p>&#8220;No es un buen s\u00edntoma, romper la posibilidad de hablar a la diversidad no est\u00e1 bien porque \u00e9l necesita esta cantidad de votos. Hoy a la gente que le va a hablar (en la calle) es la gente que lo vot\u00f3, en el Congreso es la gente que no lo vot\u00f3 pero tiene la posibilidad de escucharlo&#8221;, evalu\u00f3 el diputado Emilio Monz\u00f3.<\/p>\n\n\n\n<p>En declaraciones a la prensa, el bonaerense consider\u00f3 que no hablar ante la Asamblea Legislativa &#8220;es un desgaste gratuito&#8221; del presidente.<\/p>\n\n\n\n<p>&#8220;Mi alerta, espero que no sea una corriente libertaria que trata de excluir todo tipo de intermediaci\u00f3n, porque el Congreso es la intermediaci\u00f3n m\u00e1s importante de la rep\u00fablica. Ojo con el Congreso de la Naci\u00f3n&#8221;, advirti\u00f3 Monz\u00f3.<\/p>\n\n\n\n<p>Por su parte, la diputada de la Uni\u00f3n C\u00edvica Radical Karina Banfi expres\u00f3: &#8220;Me hubiera gustado que Milei hable a la Asamblea donde est\u00e1n la representados los que lo votaron y los que no lo votaron&#8221;.<\/p>\n\n\n\n<p>La vicepresidenta del bloque UCR expres\u00f3: &#8220;La verdad a m\u00ed me hubiese gustado que el Presidente pueda hablar a la Asamblea Legislativa teniendo en cuenta lo que dice la Constituci\u00f3n: que el pueblo no gobierna ni delibera sino a trav\u00e9s de sus representantes. Creo que la idea de hablarle a un grupo de fans y no hablarle a todos los sectores, aquellos que lo votaron y los que no lo votaron, en el marco del Congreso, es no comprender la estructura m\u00e1s profundamente democr\u00e1tica de nuestra Constituci\u00f3n&#8221;.&nbsp;<\/p>\n\n\n\n<p>Sobre la inminencia del env\u00edo de un paquete de leyes por parte del nuevo Ejecutivo, Banfi sostuvo: &#8220;El presidente Milei ha prometido cambios muy profundos que sin duda nosotros vamos a acompa\u00f1ar siempre que sea en la medida del di\u00e1logo, de la transparencia, de la rendici\u00f3n de cuentas, para que haya c\u00edrculos virtuosos de todos los procesos que van a llevar adelante&#8221;.<\/p>\n\n\n\n<p>En tanto, el diputado nacional que preside el flamante bloque Cambio Federal, Miguel \u00c1ngel Pichetto, se mostr\u00f3 muy enojado por la decisi\u00f3n de Milei de no hablar a los miembros del Poder Legislativo: &#8220;No se puede gobernar contra el Congreso, sino con \u00e9l&#8221;.<\/p>\n","protected":false},"excerpt":{"rendered":"<p>Para la oposici\u00f3n, &#8220;no es un buen s\u00edntoma&#8221; que el Presidente no brinde un mensaje al Congreso. Diputados nacionales de la oposici\u00f3n cuestionaron al presidente Javier Milei por no hablar&hellip; <\/p>\n","protected":false},"author":6,"featured_media":109263,"comment_status":"closed","ping_status":"open","sticky":false,"template":"","format":"standard","meta":{"footnotes":""},"categories":[3],"tags":[],"class_list":["post-109261","post","type-post","status-publish","format-standard","has-post-thumbnail","hentry","category-politica"],"_links":{"self":[{"href":"https:\/\/corrientesdetarde.com\/index.php\/wp-json\/wp\/v2\/posts\/109261","targetHints":{"allow":["GET"]}}],"collection":[{"href":"https:\/\/corrientesdetarde.com\/index.php\/wp-json\/wp\/v2\/posts"}],"about":[{"href":"https:\/\/corrientesdetarde.com\/index.php\/wp-json\/wp\/v2\/types\/post"}],"author":[{"embeddable":true,"href":"https:\/\/corrientesdetarde.com\/index.php\/wp-json\/wp\/v2\/users\/6"}],"replies":[{"embeddable":true,"href":"https:\/\/corrientesdetarde.com\/index.php\/wp-json\/wp\/v2\/comments?post=109261"}],"version-history":[{"count":1,"href":"https:\/\/corrientesdetarde.com\/index.php\/wp-json\/wp\/v2\/posts\/109261\/revisions"}],"predecessor-version":[{"id":109264,"href":"https:\/\/corrientesdetarde.com\/index.php\/wp-json\/wp\/v2\/posts\/109261\/revisions\/109264"}],"wp:featuredmedia":[{"embeddable":true,"href":"https:\/\/corrientesdetarde.com\/index.php\/wp-json\/wp\/v2\/media\/109263"}],"wp:attachment":[{"href":"https:\/\/corrientesdetarde.com\/index.php\/wp-json\/wp\/v2\/media?parent=109261"}],"wp:term":[{"taxonomy":"category","embeddable":true,"href":"https:\/\/corrientesdetarde.com\/index.php\/wp-json\/wp\/v2\/categories?post=109261"},{"taxonomy":"post_tag","embeddable":true,"href":"https:\/\/corrientesdetarde.com\/index.php\/wp-json\/wp\/v2\/tags?post=109261"}],"curies":[{"name":"wp","href":"https:\/\/api.w.org\/{rel}","templated":true}]}}