{"id":10937,"date":"2022-10-13T14:58:14","date_gmt":"2022-10-13T17:58:14","guid":{"rendered":"https:\/\/corrientesdetarde.com\/?p=10937"},"modified":"2022-10-13T14:58:18","modified_gmt":"2022-10-13T17:58:18","slug":"cine-en-la-plaza-vera-jovenes-aprenden-a-realizar-un-cortometraje","status":"publish","type":"post","link":"https:\/\/corrientesdetarde.com\/index.php\/cultura\/cine-en-la-plaza-vera-jovenes-aprenden-a-realizar-un-cortometraje\/","title":{"rendered":"Cine en la plaza Vera: j\u00f3venes aprenden a realizar un cortometraje"},"content":{"rendered":"\n<p>Con amplia convocatoria avanza el taller \u201cCine en comunidad\u201d organizado por la Municipalidad y el Instituto Nacional de Cine y Artes Audiovisuales (INCAA). Los participantes realizaron hoy una pr\u00e1ctica en un c\u00e9ntrico espacio p\u00fablico y ma\u00f1ana se proyectar\u00e1 en la Casa del Bicentenario.<\/p>\n\n\n\n<p><br>En el marco de las m\u00faltiples alternativas que la Municipalidad ofrece como espacio de promoci\u00f3n de arte y cultura se desarrolla un taller de cortometrajes destinado a los j\u00f3venes, organizado por la Municipalidad a trav\u00e9s de la Secretar\u00eda de Cultura y Educaci\u00f3n junto al Instituto Nacional de Cine y Artes Audiovisuales (INCAA).<br>Por tres d\u00edas, los vecinos de la ciudad que se inscribieron de forma gratuita est\u00e1n siendo capacitados para llevar a cabo la producci\u00f3n integral de un cortometraje realizado y actuado por ellos mismos. El trabajo final se proyectar\u00e1 este viernes 14, a las 20, en la Caasa del Bicentenario.<br><br>El secretario de Cultura y Educaci\u00f3n, Jos\u00e9 Sand, presente en el rodaje que se llev\u00f3 a cabo en la plaza Vera, explic\u00f3 que lo que se pretende con esta actividad es brindar \u201cun espacio para que estos chicos que se inscribieron de manera gratuita, puedan vivir una experiencia cinematogr\u00e1fica para volcarla a su actividad cotidiana o a su oficio, de manera profesional\u201d.<br><br>Al mismo tiempo, recalc\u00f3: \u201cQueremos brindar herramientas y capacitaciones para que los vecinos de la ciudad puedan desenvolverse y desarrollarse, lo hacemos en este caso con la cinematograf\u00eda, pero tambi\u00e9n con cl\u00ednicas intensivas, este fin de semana, por ejemplo, con la danza, teatro y lo que tiene que ver con el canto. As\u00ed, la Municipalidad pone a disposici\u00f3n distintas propuestas interesantes para que nuestros artistas generen mayor conocimiento y profesionalismo, pero tambi\u00e9n que sea un campo a desarrollar por quienes est\u00e9n interesados en estas \u00e1reas\u201d.<br><br>Por su parte, el subsecretario de Desarrollo y Producci\u00f3n Cultural, Federico Maceri, explic\u00f3 que la actividad forma parte del programa \u201cCine Inclusivo\u201d del INCAA que en esta oportunidad se desarrolla en el marco del taller \u201cCine en comunidad\u201d, en tres instancias. La primera fue ayer en Casa del Bicentenario con una capacitaci\u00f3n de conocimientos b\u00e1sicos sobre cine. El gui\u00f3n hoy cobr\u00f3 vida en esta segunda jornada en la plaza Vera, en el rodaje y ma\u00f1ana termina con la proyecci\u00f3n en la Casa del Bicentenario.<br><br>JOVENES<br>Por su parte, el coordinador del programa Cine Inclusi\u00f3n del INCAA, Dami\u00e1n Laplace, destac\u00f3 la presencia de j\u00f3venes que est\u00e1n interesados en el arte audiovisual. \u201cEn este caso son todos chicos j\u00f3venes que est\u00e1n estudiando o que quieren empezar a incursionar un poco en lo audiovisual. Este programa trata justamente de llegar a cada rinc\u00f3n del pa\u00eds, dando herramientas y las primeras armas para que el d\u00eda de ma\u00f1ana puedan hacer sus propios cortometrajes y contar sus historias\u201d, dijo. \u00a0<br><br>El maestro en artes visuales, Jos\u00e9 Luis Carbonell destac\u00f3 esta actividad como una \u201coportunidad \u00fanica para nosotros los actores de poder tener esta especie de marat\u00f3n porque empez\u00f3 el mi\u00e9rcoles y termina ma\u00f1ana viernes. Es una experiencia tambi\u00e9n para las nuevas generaciones, para que puedan ver c\u00f3mo es una filmaci\u00f3n, algo que no es muy com\u00fan de ver en Corrientes\u201d.<\/p>\n\n\n\n<p><\/p>\n","protected":false},"excerpt":{"rendered":"<p>Con amplia convocatoria avanza el taller \u201cCine en comunidad\u201d organizado por la Municipalidad y el Instituto Nacional de Cine y Artes Audiovisuales (INCAA). Los participantes realizaron hoy una pr\u00e1ctica en&hellip; <\/p>\n","protected":false},"author":1,"featured_media":10939,"comment_status":"closed","ping_status":"open","sticky":false,"template":"","format":"standard","meta":{"footnotes":""},"categories":[15],"tags":[],"class_list":["post-10937","post","type-post","status-publish","format-standard","has-post-thumbnail","hentry","category-cultura"],"_links":{"self":[{"href":"https:\/\/corrientesdetarde.com\/index.php\/wp-json\/wp\/v2\/posts\/10937","targetHints":{"allow":["GET"]}}],"collection":[{"href":"https:\/\/corrientesdetarde.com\/index.php\/wp-json\/wp\/v2\/posts"}],"about":[{"href":"https:\/\/corrientesdetarde.com\/index.php\/wp-json\/wp\/v2\/types\/post"}],"author":[{"embeddable":true,"href":"https:\/\/corrientesdetarde.com\/index.php\/wp-json\/wp\/v2\/users\/1"}],"replies":[{"embeddable":true,"href":"https:\/\/corrientesdetarde.com\/index.php\/wp-json\/wp\/v2\/comments?post=10937"}],"version-history":[{"count":1,"href":"https:\/\/corrientesdetarde.com\/index.php\/wp-json\/wp\/v2\/posts\/10937\/revisions"}],"predecessor-version":[{"id":10940,"href":"https:\/\/corrientesdetarde.com\/index.php\/wp-json\/wp\/v2\/posts\/10937\/revisions\/10940"}],"wp:featuredmedia":[{"embeddable":true,"href":"https:\/\/corrientesdetarde.com\/index.php\/wp-json\/wp\/v2\/media\/10939"}],"wp:attachment":[{"href":"https:\/\/corrientesdetarde.com\/index.php\/wp-json\/wp\/v2\/media?parent=10937"}],"wp:term":[{"taxonomy":"category","embeddable":true,"href":"https:\/\/corrientesdetarde.com\/index.php\/wp-json\/wp\/v2\/categories?post=10937"},{"taxonomy":"post_tag","embeddable":true,"href":"https:\/\/corrientesdetarde.com\/index.php\/wp-json\/wp\/v2\/tags?post=10937"}],"curies":[{"name":"wp","href":"https:\/\/api.w.org\/{rel}","templated":true}]}}