{"id":10952,"date":"2022-10-13T15:46:57","date_gmt":"2022-10-13T18:46:57","guid":{"rendered":"https:\/\/corrientesdetarde.com\/?p=10952"},"modified":"2022-10-13T15:49:58","modified_gmt":"2022-10-13T18:49:58","slug":"el-coprodis-brindo-asesoramientos-integrales-sobre-discapacidad","status":"publish","type":"post","link":"https:\/\/corrientesdetarde.com\/index.php\/sociales\/el-coprodis-brindo-asesoramientos-integrales-sobre-discapacidad\/","title":{"rendered":"EL COPRODIS brind\u00f3 asesoramientos integrales sobre discapacidad"},"content":{"rendered":"\n<p>El Ministerio de Desarrollo Social de&nbsp;provincia se traslad\u00f3 a la localidad&nbsp;de Paso de los Libres&nbsp;con el fin de realizar&nbsp;asesoramientos integrales en materia de discapacidad&nbsp;a trav\u00e9s del COPRODIS en el Club Barracas Col\u00f3n&nbsp;1247.<\/p>\n\n\n\n<p>Este mi\u00e9rcoles 12 por la ma\u00f1ana&nbsp;la Directora del COPRODIS Consejo Provincial de Discapacidad&nbsp;Prof. Roxana Tannuri junto a su equipo en un trabajo articulado con el Delegado por Desarrollo Social en esa localidad&nbsp;Mat\u00edas Velasco brindaron charla sobre acceso a derechos trato a la persona con discapacidad e inicio de tr\u00e1mites.<\/p>\n\n\n\n<p>Acompa\u00f1aron en la apertura los concejales M\u00f3nica De Gaetano, Goia Danuzzo, Edgardo Vischi, Ana Mi\u00f1o y Ra\u00fal Tarabino.<\/p>\n\n\n\n<p>Por el COPRODIS participaron profesionales del \u00e1rea social Trabajador Social Juan Morales, del \u00e1rea de capacitaciones Tec. en estimulaci\u00f3n temprana y psicomotricista Tatiana Lickiewicz y por el \u00e1rea de contenci\u00f3n y primera escucha Lic. en Psicolog\u00eda\u00a0Ger\u00f3nimo Barboza.<\/p>\n\n\n\n<figure class=\"wp-block-image size-large\"><img loading=\"lazy\" decoding=\"async\" width=\"1024\" height=\"683\" src=\"https:\/\/corrientesdetarde.com\/wp-content\/uploads\/2022\/10\/image-134-1024x683.png\" alt=\"\" class=\"wp-image-10953\" srcset=\"https:\/\/corrientesdetarde.com\/wp-content\/uploads\/2022\/10\/image-134-1024x683.png 1024w, https:\/\/corrientesdetarde.com\/wp-content\/uploads\/2022\/10\/image-134-300x200.png 300w, https:\/\/corrientesdetarde.com\/wp-content\/uploads\/2022\/10\/image-134-768x512.png 768w, https:\/\/corrientesdetarde.com\/wp-content\/uploads\/2022\/10\/image-134-272x182.png 272w, https:\/\/corrientesdetarde.com\/wp-content\/uploads\/2022\/10\/image-134.png 1368w\" sizes=\"auto, (max-width: 1024px) 100vw, 1024px\" \/><\/figure>\n\n\n\n<figure class=\"wp-block-image size-large\"><img loading=\"lazy\" decoding=\"async\" width=\"1024\" height=\"683\" src=\"https:\/\/corrientesdetarde.com\/wp-content\/uploads\/2022\/10\/image-135-1024x683.png\" alt=\"\" class=\"wp-image-10954\" srcset=\"https:\/\/corrientesdetarde.com\/wp-content\/uploads\/2022\/10\/image-135-1024x683.png 1024w, https:\/\/corrientesdetarde.com\/wp-content\/uploads\/2022\/10\/image-135-300x200.png 300w, https:\/\/corrientesdetarde.com\/wp-content\/uploads\/2022\/10\/image-135-768x512.png 768w, https:\/\/corrientesdetarde.com\/wp-content\/uploads\/2022\/10\/image-135-272x182.png 272w, https:\/\/corrientesdetarde.com\/wp-content\/uploads\/2022\/10\/image-135.png 1368w\" sizes=\"auto, (max-width: 1024px) 100vw, 1024px\" \/><\/figure>\n","protected":false},"excerpt":{"rendered":"<p>El Ministerio de Desarrollo Social de&nbsp;provincia se traslad\u00f3 a la localidad&nbsp;de Paso de los Libres&nbsp;con el fin de realizar&nbsp;asesoramientos integrales en materia de discapacidad&nbsp;a trav\u00e9s del COPRODIS en el Club&hellip; <\/p>\n","protected":false},"author":8,"featured_media":10955,"comment_status":"closed","ping_status":"open","sticky":false,"template":"","format":"standard","meta":{"footnotes":""},"categories":[17],"tags":[],"class_list":["post-10952","post","type-post","status-publish","format-standard","has-post-thumbnail","hentry","category-sociales"],"_links":{"self":[{"href":"https:\/\/corrientesdetarde.com\/index.php\/wp-json\/wp\/v2\/posts\/10952","targetHints":{"allow":["GET"]}}],"collection":[{"href":"https:\/\/corrientesdetarde.com\/index.php\/wp-json\/wp\/v2\/posts"}],"about":[{"href":"https:\/\/corrientesdetarde.com\/index.php\/wp-json\/wp\/v2\/types\/post"}],"author":[{"embeddable":true,"href":"https:\/\/corrientesdetarde.com\/index.php\/wp-json\/wp\/v2\/users\/8"}],"replies":[{"embeddable":true,"href":"https:\/\/corrientesdetarde.com\/index.php\/wp-json\/wp\/v2\/comments?post=10952"}],"version-history":[{"count":1,"href":"https:\/\/corrientesdetarde.com\/index.php\/wp-json\/wp\/v2\/posts\/10952\/revisions"}],"predecessor-version":[{"id":10956,"href":"https:\/\/corrientesdetarde.com\/index.php\/wp-json\/wp\/v2\/posts\/10952\/revisions\/10956"}],"wp:featuredmedia":[{"embeddable":true,"href":"https:\/\/corrientesdetarde.com\/index.php\/wp-json\/wp\/v2\/media\/10955"}],"wp:attachment":[{"href":"https:\/\/corrientesdetarde.com\/index.php\/wp-json\/wp\/v2\/media?parent=10952"}],"wp:term":[{"taxonomy":"category","embeddable":true,"href":"https:\/\/corrientesdetarde.com\/index.php\/wp-json\/wp\/v2\/categories?post=10952"},{"taxonomy":"post_tag","embeddable":true,"href":"https:\/\/corrientesdetarde.com\/index.php\/wp-json\/wp\/v2\/tags?post=10952"}],"curies":[{"name":"wp","href":"https:\/\/api.w.org\/{rel}","templated":true}]}}