{"id":109844,"date":"2023-12-12T12:01:22","date_gmt":"2023-12-12T15:01:22","guid":{"rendered":"https:\/\/corrientesdetarde.com\/?p=109844"},"modified":"2023-12-12T12:01:27","modified_gmt":"2023-12-12T15:01:27","slug":"con-15-anos-de-edad-nahiara-galeano-consiguio-el-titulo-de-candidata-maestra-de-ajedrez-wcm","status":"publish","type":"post","link":"https:\/\/corrientesdetarde.com\/index.php\/sociales\/con-15-anos-de-edad-nahiara-galeano-consiguio-el-titulo-de-candidata-maestra-de-ajedrez-wcm\/","title":{"rendered":"Con 15 a\u00f1os de edad, Nahiara Galeano, consigui\u00f3 el t\u00edtulo de candidata maestra de ajedrez WCM"},"content":{"rendered":"\n<p><strong>Tras su exitosa participaci\u00f3n en el \u201cXIX Festival Sudamericano de la Juventud\u201d que se realiz\u00f3 en Florian\u00f3polis, Brasil, del 2 al 8 de diciembre pasado, la jugadora oriunda de la localidad de Riachuelo visit\u00f3 la Secretar\u00eda de Deportes de la Provincia.<\/strong><\/p>\n\n\n\n<p>Tras ser recibida por el secretario de Deportes Jorge Terrile, Nahiara Galeano, alumna de la Escuela Municipal de Ajedrez de Riachuelo, coment\u00f3 que en el pa\u00eds vecino se posicion\u00f3 segunda en el ritmo r\u00e1pido (categor\u00eda sub16 &#8211; femenino) y en tercera ubicaci\u00f3n en el ritmo standard.<\/p>\n\n\n\n<p>Su entrenador, Samuel Gogna, resalt\u00f3 que por su destacada actuaci\u00f3n, logr\u00f3 el t\u00edtulo de \u201ccandidata maestra de ajedrez WCM\u201d, siendo la primera mujer en la provincia de Corrientes y con tan s\u00f3lo 15 a\u00f1os de edad en conseguir la distinci\u00f3n.<\/p>\n\n\n\n<p>\u201cEs un reconocimiento a nivel mundial que la ubica como profesional del ajedrez. Si quisiera, podr\u00eda dar clases, la habilita a participar de torneos profesionales, b\u00e1sicamente se convirti\u00f3 en una profesional del ajedrez con 15 a\u00f1os\u201d, explic\u00f3 Samuel Gogna. &nbsp;<\/p>\n\n\n\n<p>En tanto, Nahiara relat\u00f3 que la demanda profesional en el alto nivel, la lleva a entrenar unas 8 horas al d\u00eda, tanto en lo t\u00e9cnico como en lo f\u00edsico.<\/p>\n\n\n\n<p>Para finalizar, Galeano y Gogna destacaron el apoyo del Gobierno de la Provincia a trav\u00e9s de la Secretar\u00eda de Deportes, y del Municipio de Riachuelo. &nbsp;&nbsp;&nbsp;&nbsp;&nbsp;<\/p>\n","protected":false},"excerpt":{"rendered":"<p>Tras su exitosa participaci\u00f3n en el \u201cXIX Festival Sudamericano de la Juventud\u201d que se realiz\u00f3 en Florian\u00f3polis, Brasil, del 2 al 8 de diciembre pasado, la jugadora oriunda de la&hellip; <\/p>\n","protected":false},"author":12,"featured_media":109845,"comment_status":"closed","ping_status":"open","sticky":false,"template":"","format":"standard","meta":{"footnotes":""},"categories":[17],"tags":[],"class_list":["post-109844","post","type-post","status-publish","format-standard","has-post-thumbnail","hentry","category-sociales"],"_links":{"self":[{"href":"https:\/\/corrientesdetarde.com\/index.php\/wp-json\/wp\/v2\/posts\/109844","targetHints":{"allow":["GET"]}}],"collection":[{"href":"https:\/\/corrientesdetarde.com\/index.php\/wp-json\/wp\/v2\/posts"}],"about":[{"href":"https:\/\/corrientesdetarde.com\/index.php\/wp-json\/wp\/v2\/types\/post"}],"author":[{"embeddable":true,"href":"https:\/\/corrientesdetarde.com\/index.php\/wp-json\/wp\/v2\/users\/12"}],"replies":[{"embeddable":true,"href":"https:\/\/corrientesdetarde.com\/index.php\/wp-json\/wp\/v2\/comments?post=109844"}],"version-history":[{"count":1,"href":"https:\/\/corrientesdetarde.com\/index.php\/wp-json\/wp\/v2\/posts\/109844\/revisions"}],"predecessor-version":[{"id":109846,"href":"https:\/\/corrientesdetarde.com\/index.php\/wp-json\/wp\/v2\/posts\/109844\/revisions\/109846"}],"wp:featuredmedia":[{"embeddable":true,"href":"https:\/\/corrientesdetarde.com\/index.php\/wp-json\/wp\/v2\/media\/109845"}],"wp:attachment":[{"href":"https:\/\/corrientesdetarde.com\/index.php\/wp-json\/wp\/v2\/media?parent=109844"}],"wp:term":[{"taxonomy":"category","embeddable":true,"href":"https:\/\/corrientesdetarde.com\/index.php\/wp-json\/wp\/v2\/categories?post=109844"},{"taxonomy":"post_tag","embeddable":true,"href":"https:\/\/corrientesdetarde.com\/index.php\/wp-json\/wp\/v2\/tags?post=109844"}],"curies":[{"name":"wp","href":"https:\/\/api.w.org\/{rel}","templated":true}]}}