{"id":109848,"date":"2023-12-12T14:10:12","date_gmt":"2023-12-12T17:10:12","guid":{"rendered":"https:\/\/corrientesdetarde.com\/?p=109848"},"modified":"2023-12-12T14:10:16","modified_gmt":"2023-12-12T17:10:16","slug":"desarrollo-social-realizo-reconocimiento-a-trabajadores-sociales","status":"publish","type":"post","link":"https:\/\/corrientesdetarde.com\/index.php\/sociales\/desarrollo-social-realizo-reconocimiento-a-trabajadores-sociales\/","title":{"rendered":"Desarrollo Social realiz\u00f3 reconocimiento a Trabajadores Sociales"},"content":{"rendered":"\n<p>El ministro de Desarrollo Social, Ad\u00e1n Gaya este martes encabez\u00f3 un acto de reconocimiento a la labor que llevan adelante los Trabajadores Sociales en la sede de este organismo.<\/p>\n\n\n\n<p>El reconocimiento se realiz\u00f3 en el marco de conmemorarse el 10 de diciembre el D\u00eda del Trabajador Social donde estuvieron presentes la Secretaria de Desarrollo Humano e Igualdad, Ver\u00f3nica Morales Maciel y la Subsecretaria de Desarrollo Humano e Igualdad, Gabriela Castro.<\/p>\n\n\n\n<p>En la ocasi\u00f3n, se hizo entrega de certificados de reconocimiento a todos los trabajadores sociales que desempe\u00f1an funciones en las distintas direcciones del Ministerio.<\/p>\n\n\n\n<p>En dicho marco, el Ministro Ad\u00e1n Gaya resalt\u00f3: \u201cEs un agasajo a los trabajadores sociales para hacerles sentir que para nosotros son importantes&nbsp;por el rol que cumplen&nbsp;y a trav\u00e9s de ellos a todo el personal del Ministerio por la labor que realizan, por&nbsp;lo que hacen todos los d\u00edas cada vez que tienen que intervenir, en momentos complejos, yo tambi\u00e9n me siento un actor social atendiendo y escuchando y tratando de resolver todos los d\u00edas\u201d.<\/p>\n\n\n\n<p>Finalmente expres\u00f3:&nbsp;\u201cque terminemos el a\u00f1o de la mejor manera y yo estoy seguro que el a\u00f1o que viene va ser mejor\u201d.<\/p>\n\n\n\n<p>Por su parte, la Subsecretaria de Desarrollo Humano e Igualdad, Gabriela Castro expres\u00f3 que \u201cel trabajo social representa el coraz\u00f3n de este Ministerio, es un trabajo silencioso, pero de gran potencial, es un trabajo de escucha activa, de articulaci\u00f3n, realmente trabajar a su lado es un aprendizaje diario\u201d.<\/p>\n\n\n\n<p>A su vez, la Secretaria de Desarrollo Humano e Igualdad,&nbsp;Ver\u00f3nica Morales Maciel, destac\u00f3:&nbsp;\u201cLa tarea que realizan los trabajadores sociales es muy loable, he aprendido mucho de ellos en este a\u00f1o y medio de casi dos de gesti\u00f3n, prestarle el o\u00eddo al problema del otro y ver c\u00f3mo encontrarle la soluci\u00f3n, mi reconocimiento y mis respetos a la tarea que realizan, felicitaciones\u201d.<\/p>\n\n\n\n<p>Cabe recordar que, en el 2012, la Federaci\u00f3n Argentina de Asociaciones Profesionales de Servicio Social decidi\u00f3 que el 10 de diciembre sea el D\u00eda del Trabajo Social Argentino coincidiendo con el aniversario de la Declaraci\u00f3n del D\u00eda Universal de los Derechos Humanos.<\/p>\n\n\n\n<figure class=\"wp-block-image size-large\"><img loading=\"lazy\" decoding=\"async\" width=\"1024\" height=\"576\" src=\"https:\/\/corrientesdetarde.com\/wp-content\/uploads\/2023\/12\/image-245-1024x576.png\" alt=\"\" class=\"wp-image-109849\" srcset=\"https:\/\/corrientesdetarde.com\/wp-content\/uploads\/2023\/12\/image-245-1024x576.png 1024w, https:\/\/corrientesdetarde.com\/wp-content\/uploads\/2023\/12\/image-245-300x169.png 300w, https:\/\/corrientesdetarde.com\/wp-content\/uploads\/2023\/12\/image-245-768x432.png 768w, https:\/\/corrientesdetarde.com\/wp-content\/uploads\/2023\/12\/image-245.png 1280w\" sizes=\"auto, (max-width: 1024px) 100vw, 1024px\" \/><\/figure>\n\n\n\n<figure class=\"wp-block-image size-large\"><img loading=\"lazy\" decoding=\"async\" width=\"1024\" height=\"576\" src=\"https:\/\/corrientesdetarde.com\/wp-content\/uploads\/2023\/12\/image-246-1024x576.png\" alt=\"\" class=\"wp-image-109850\" srcset=\"https:\/\/corrientesdetarde.com\/wp-content\/uploads\/2023\/12\/image-246-1024x576.png 1024w, https:\/\/corrientesdetarde.com\/wp-content\/uploads\/2023\/12\/image-246-300x169.png 300w, https:\/\/corrientesdetarde.com\/wp-content\/uploads\/2023\/12\/image-246-768x432.png 768w, https:\/\/corrientesdetarde.com\/wp-content\/uploads\/2023\/12\/image-246.png 1280w\" sizes=\"auto, (max-width: 1024px) 100vw, 1024px\" \/><\/figure>\n\n\n\n<figure class=\"wp-block-image size-large\"><img loading=\"lazy\" decoding=\"async\" width=\"576\" height=\"1024\" src=\"https:\/\/corrientesdetarde.com\/wp-content\/uploads\/2023\/12\/image-247-576x1024.png\" alt=\"\" class=\"wp-image-109851\" srcset=\"https:\/\/corrientesdetarde.com\/wp-content\/uploads\/2023\/12\/image-247-576x1024.png 576w, https:\/\/corrientesdetarde.com\/wp-content\/uploads\/2023\/12\/image-247-169x300.png 169w, https:\/\/corrientesdetarde.com\/wp-content\/uploads\/2023\/12\/image-247.png 720w\" sizes=\"auto, (max-width: 576px) 100vw, 576px\" \/><\/figure>\n\n\n\n<figure class=\"wp-block-image size-large\"><img loading=\"lazy\" decoding=\"async\" width=\"1024\" height=\"576\" src=\"https:\/\/corrientesdetarde.com\/wp-content\/uploads\/2023\/12\/image-248-1024x576.png\" alt=\"\" class=\"wp-image-109852\" srcset=\"https:\/\/corrientesdetarde.com\/wp-content\/uploads\/2023\/12\/image-248-1024x576.png 1024w, https:\/\/corrientesdetarde.com\/wp-content\/uploads\/2023\/12\/image-248-300x169.png 300w, https:\/\/corrientesdetarde.com\/wp-content\/uploads\/2023\/12\/image-248-768x432.png 768w, https:\/\/corrientesdetarde.com\/wp-content\/uploads\/2023\/12\/image-248.png 1280w\" sizes=\"auto, (max-width: 1024px) 100vw, 1024px\" \/><\/figure>\n\n\n\n<figure class=\"wp-block-image size-large\"><img loading=\"lazy\" decoding=\"async\" width=\"1024\" height=\"576\" src=\"https:\/\/corrientesdetarde.com\/wp-content\/uploads\/2023\/12\/image-249-1024x576.png\" alt=\"\" class=\"wp-image-109853\" srcset=\"https:\/\/corrientesdetarde.com\/wp-content\/uploads\/2023\/12\/image-249-1024x576.png 1024w, https:\/\/corrientesdetarde.com\/wp-content\/uploads\/2023\/12\/image-249-300x169.png 300w, https:\/\/corrientesdetarde.com\/wp-content\/uploads\/2023\/12\/image-249-768x432.png 768w, https:\/\/corrientesdetarde.com\/wp-content\/uploads\/2023\/12\/image-249.png 1279w\" sizes=\"auto, (max-width: 1024px) 100vw, 1024px\" \/><\/figure>\n\n\n\n<figure class=\"wp-block-image size-large\"><img loading=\"lazy\" decoding=\"async\" width=\"576\" height=\"1024\" src=\"https:\/\/corrientesdetarde.com\/wp-content\/uploads\/2023\/12\/image-250-576x1024.png\" alt=\"\" class=\"wp-image-109854\" srcset=\"https:\/\/corrientesdetarde.com\/wp-content\/uploads\/2023\/12\/image-250-576x1024.png 576w, https:\/\/corrientesdetarde.com\/wp-content\/uploads\/2023\/12\/image-250-169x300.png 169w, https:\/\/corrientesdetarde.com\/wp-content\/uploads\/2023\/12\/image-250.png 720w\" sizes=\"auto, (max-width: 576px) 100vw, 576px\" \/><\/figure>\n","protected":false},"excerpt":{"rendered":"<p>El ministro de Desarrollo Social, Ad\u00e1n Gaya este martes encabez\u00f3 un acto de reconocimiento a la labor que llevan adelante los Trabajadores Sociales en la sede de este organismo. El&hellip; <\/p>\n","protected":false},"author":8,"featured_media":109852,"comment_status":"closed","ping_status":"open","sticky":false,"template":"","format":"standard","meta":{"footnotes":""},"categories":[17],"tags":[],"class_list":["post-109848","post","type-post","status-publish","format-standard","has-post-thumbnail","hentry","category-sociales"],"_links":{"self":[{"href":"https:\/\/corrientesdetarde.com\/index.php\/wp-json\/wp\/v2\/posts\/109848","targetHints":{"allow":["GET"]}}],"collection":[{"href":"https:\/\/corrientesdetarde.com\/index.php\/wp-json\/wp\/v2\/posts"}],"about":[{"href":"https:\/\/corrientesdetarde.com\/index.php\/wp-json\/wp\/v2\/types\/post"}],"author":[{"embeddable":true,"href":"https:\/\/corrientesdetarde.com\/index.php\/wp-json\/wp\/v2\/users\/8"}],"replies":[{"embeddable":true,"href":"https:\/\/corrientesdetarde.com\/index.php\/wp-json\/wp\/v2\/comments?post=109848"}],"version-history":[{"count":1,"href":"https:\/\/corrientesdetarde.com\/index.php\/wp-json\/wp\/v2\/posts\/109848\/revisions"}],"predecessor-version":[{"id":109855,"href":"https:\/\/corrientesdetarde.com\/index.php\/wp-json\/wp\/v2\/posts\/109848\/revisions\/109855"}],"wp:featuredmedia":[{"embeddable":true,"href":"https:\/\/corrientesdetarde.com\/index.php\/wp-json\/wp\/v2\/media\/109852"}],"wp:attachment":[{"href":"https:\/\/corrientesdetarde.com\/index.php\/wp-json\/wp\/v2\/media?parent=109848"}],"wp:term":[{"taxonomy":"category","embeddable":true,"href":"https:\/\/corrientesdetarde.com\/index.php\/wp-json\/wp\/v2\/categories?post=109848"},{"taxonomy":"post_tag","embeddable":true,"href":"https:\/\/corrientesdetarde.com\/index.php\/wp-json\/wp\/v2\/tags?post=109848"}],"curies":[{"name":"wp","href":"https:\/\/api.w.org\/{rel}","templated":true}]}}